{"id":81677,"date":"2026-01-19T11:14:59","date_gmt":"2026-01-19T08:14:59","guid":{"rendered":"https:\/\/www.egemtv.com\/?p=81677"},"modified":"2026-01-19T11:15:00","modified_gmt":"2026-01-19T08:15:00","slug":"ciftcilere-yuzde-50-hibeli-aycicegi-tohumu-dagitilacak","status":"publish","type":"post","link":"https:\/\/www.egemtv.com\/?p=81677","title":{"rendered":"\u00c7ift\u00e7ilere y\u00fczde 50 hibeli ay\u00e7i\u00e7e\u011fi tohumu da\u011f\u0131t\u0131lacak"},"content":{"rendered":"<p>Afyonkarahisar\u2019\u0131n Dinar il\u00e7esinde \u00e7ift\u00e7ilere \u00e7erezlik ay\u00e7i\u00e7e\u011fi projesi \u00e7er\u00e7evesinde y\u00fczde 50 hibeli tohum temini yap\u0131laca\u011f\u0131 belirtildi.<br \/>\n<br \/>Konuyla ilgili yaz\u0131l\u0131 bir a\u00e7\u0131klama yapan Dinar Tar\u0131m ve Orman \u0130l\u00e7e M\u00fcd\u00fcr\u00fc Yavuz Karakuyu \u015fu ifadelere yer verdi:<br \/>\n<br \/>&#8220;M\u00fcd\u00fcrl\u00fc\u011f\u00fcm\u00fcz taraf\u0131ndan haz\u0131rlanan \u00e7erezlik ay\u00e7i\u00e7e\u011fi projesi kapsam\u0131nda y\u00fczde 50 hibeli tohum temini yap\u0131lacakt\u0131r. \u00c7ift\u00e7i Kay\u0131t Sistemi (\u00c7KS) kayd\u0131 olan, sulu arazisi olan ve son 3 y\u0131l i\u00e7erisinde \u00e7erezlik ay\u00e7i\u00e7e\u011fi ekmemi\u015f olan \u00fcreticilerimiz ba\u015fvuru yapabilir. Ba\u015fvurular 19-30 Ocak tarihleri aras\u0131nda il\u00e7e m\u00fcd\u00fcrl\u00fc\u011f\u00fcm\u00fcze yap\u0131lacakt\u0131r. T\u00fcm \u00fcreticilerimize duyurulur&#8221; ifadelerine yer verdi.<br \/><\/p>\n","protected":false},"excerpt":{"rendered":"<p>Afyonkarahisar\u2019\u0131n Dinar il\u00e7esinde \u00e7ift\u00e7ilere \u00e7erezlik ay\u00e7i\u00e7e\u011fi projesi \u00e7er\u00e7evesinde y\u00fczde 50 hibeli tohum temini yap\u0131laca\u011f\u0131 belirtildi. Konuyla ilgili yaz\u0131l\u0131 bir a\u00e7\u0131klama yapan Dinar Tar\u0131m ve Orman \u0130l\u00e7e M\u00fcd\u00fcr\u00fc Yavuz Karakuyu \u015fu ifadelere yer verdi: &#8220;M\u00fcd\u00fcrl\u00fc\u011f\u00fcm\u00fcz taraf\u0131ndan haz\u0131rlanan \u00e7erezlik ay\u00e7i\u00e7e\u011fi projesi kapsam\u0131nda y\u00fczde 50 hibeli tohum temini yap\u0131lacakt\u0131r. \u00c7ift\u00e7i Kay\u0131t Sistemi (\u00c7KS) kayd\u0131 olan, sulu arazisi olan&#8230;<\/p>\n","protected":false},"author":1,"featured_media":81678,"comment_status":"open","ping_status":"open","sticky":false,"template":"","format":"standard","meta":{"_crdt_document":"","footnotes":""},"categories":[1],"tags":[],"class_list":["post-81677","post","type-post","status-publish","format-standard","has-post-thumbnail","hentry","category-guncel"],"_links":{"self":[{"href":"https:\/\/www.egemtv.com\/index.php?rest_route=\/wp\/v2\/posts\/81677","targetHints":{"allow":["GET"]}}],"collection":[{"href":"https:\/\/www.egemtv.com\/index.php?rest_route=\/wp\/v2\/posts"}],"about":[{"href":"https:\/\/www.egemtv.com\/index.php?rest_route=\/wp\/v2\/types\/post"}],"author":[{"embeddable":true,"href":"https:\/\/www.egemtv.com\/index.php?rest_route=\/wp\/v2\/users\/1"}],"replies":[{"embeddable":true,"href":"https:\/\/www.egemtv.com\/index.php?rest_route=%2Fwp%2Fv2%2Fcomments&post=81677"}],"version-history":[{"count":1,"href":"https:\/\/www.egemtv.com\/index.php?rest_route=\/wp\/v2\/posts\/81677\/revisions"}],"predecessor-version":[{"id":81679,"href":"https:\/\/www.egemtv.com\/index.php?rest_route=\/wp\/v2\/posts\/81677\/revisions\/81679"}],"wp:featuredmedia":[{"embeddable":true,"href":"https:\/\/www.egemtv.com\/index.php?rest_route=\/wp\/v2\/media\/81678"}],"wp:attachment":[{"href":"https:\/\/www.egemtv.com\/index.php?rest_route=%2Fwp%2Fv2%2Fmedia&parent=81677"}],"wp:term":[{"taxonomy":"category","embeddable":true,"href":"https:\/\/www.egemtv.com\/index.php?rest_route=%2Fwp%2Fv2%2Fcategories&post=81677"},{"taxonomy":"post_tag","embeddable":true,"href":"https:\/\/www.egemtv.com\/index.php?rest_route=%2Fwp%2Fv2%2Ftags&post=81677"}],"curies":[{"name":"wp","href":"https:\/\/api.w.org\/{rel}","templated":true}]}}