{"id":81671,"date":"2026-01-19T11:14:58","date_gmt":"2026-01-19T08:14:58","guid":{"rendered":"https:\/\/www.egemtv.com\/?p=81671"},"modified":"2026-01-19T11:14:58","modified_gmt":"2026-01-19T08:14:58","slug":"manisanin-gelecegine-yon-verecek-8-proje-oy-birligiyle-kabul-edildi","status":"publish","type":"post","link":"https:\/\/www.egemtv.com\/?p=81671","title":{"rendered":"Manisa\u2019n\u0131n gelece\u011fine y\u00f6n verecek 8 proje oy birli\u011fiyle kabul edildi"},"content":{"rendered":"<p>Manisa Kent Konseyi taraf\u0131ndan kentin sosyal, k\u00fclt\u00fcrel ve \u00e7evresel d\u00f6n\u00fc\u015f\u00fcm\u00fcne katk\u0131 sa\u011flamak amac\u0131yla haz\u0131rlanan 8 stratejik proje, Manisa B\u00fcy\u00fck\u015fehir Belediye Meclisi\u2019nde t\u00fcm gruplar\u0131n oy birli\u011fiyle kabul edildi.<br \/>\n<br \/>Manisa Kent Konseyi\u2019nin uzun s\u00fcredir \u00fczerinde \u00e7al\u0131\u015ft\u0131\u011f\u0131 ve kentin \u00f6ncelikli ihtiya\u00e7lar\u0131n\u0131 esas alan 8 stratejik proje, Manisa B\u00fcy\u00fck\u015fehir Belediye Meclisi\u2019nin ocak ay\u0131 toplant\u0131s\u0131nda g\u00fcndeme geldi. \u0130lgili komisyonlarda yap\u0131lan de\u011ferlendirmelerin ard\u0131ndan genel kurula sunulan projeler, meclis \u00fcyelerinin tamam\u0131n\u0131n deste\u011fini alarak hayata ge\u00e7me a\u015famas\u0131na geldi.<\/p>\n<p>Ortak ak\u0131l kazand\u0131<br \/>\n<br \/>Onaylanan projelerin, s\u00fcrd\u00fcr\u00fclebilir \u00e7evre politikalar\u0131, toplumsal dayan\u0131\u015fma a\u011flar\u0131n\u0131n g\u00fc\u00e7lendirilmesi, yerel ekonominin canland\u0131r\u0131lmas\u0131 ve k\u00fclt\u00fcrel miras\u0131n korunmas\u0131 gibi bir\u00e7ok ba\u015fl\u0131\u011f\u0131 kapsad\u0131\u011f\u0131 belirtildi. Kent Konseyi\u2019nin g\u00f6n\u00fcll\u00fcl\u00fck esas\u0131yla haz\u0131rlad\u0131\u011f\u0131 yol haritas\u0131n\u0131n, Manisa\u2019n\u0131n 2026 vizyonunun temel yap\u0131 ta\u015flar\u0131n\u0131 olu\u015fturaca\u011f\u0131 ifade edildi.<\/p>\n<p>&#8220;Kazanan Manisa halk\u0131 olmu\u015ftur&#8221;<br \/>\n<br \/>Meclis toplant\u0131s\u0131nda s\u00f6z alarak de\u011ferlendirmelerde bulunan Manisa Kent Konseyi Ba\u015fkan\u0131 Hakk\u0131 Bayraktar, al\u0131nan karar\u0131n tarihi bir nitelik ta\u015f\u0131d\u0131\u011f\u0131n\u0131 s\u00f6yledi. Bayraktar, &#8220;Bug\u00fcn burada sadece projelerimiz de\u011fil, Manisa\u2019n\u0131n ortak akl\u0131 ve dayan\u0131\u015fma ruhu onaylanm\u0131\u015ft\u0131r. Farkl\u0131 siyasi g\u00f6r\u00fc\u015flerin, halka hizmet noktas\u0131nda birle\u015fmesi demokrasimiz ad\u0131na gurur vericidir. Bu projeler ka\u011f\u0131t \u00fczerinde kalmayacak, \u00e7ok yak\u0131nda Manisal\u0131 hem\u015fehrilerimizin sosyal ve ekonomik hayat\u0131na dokunmaya ba\u015flayacakt\u0131r. Bizlere bu \u00e7al\u0131\u015fma ortam\u0131n\u0131 sa\u011flayan ve vizyonuyla \u00f6n\u00fcm\u00fcz\u00fc a\u00e7an B\u00fcy\u00fck\u015fehir Belediye Ba\u015fkan\u0131m\u0131z Besim Dutlulu\u2019ya ve sa\u011fduyulu yakla\u015f\u0131mlar\u0131 i\u00e7in t\u00fcm meclis \u00fcyelerimize te\u015fekk\u00fcr ediyorum&#8221; dedi.<\/p>\n<p>&#8220;2026 hamle y\u0131l\u0131 olacak&#8221;<br \/>\n<br \/>Ge\u00e7ti\u011fimiz y\u0131l ya\u015fanan zorluklara da de\u011finen Bayraktar, 2026 y\u0131l\u0131n\u0131n Manisa i\u00e7in bir hamle y\u0131l\u0131 olaca\u011f\u0131n\u0131 vurgulayarak, &#8220;Manisa\u2019m\u0131z her t\u00fcrl\u00fc zorlu\u011fun \u00fcstesinden gelecek k\u00f6kl\u00fc bir k\u00fclt\u00fcre sahiptir. Meclisimizin sergiledi\u011fi ho\u015fg\u00f6r\u00fc ve hizmet odakl\u0131 anlay\u0131\u015f, \u015fehrimizin gelece\u011fine olan inanc\u0131m\u0131z\u0131 peki\u015ftirmi\u015ftir. 2026 y\u0131l\u0131n\u0131n d\u00fcnyam\u0131za, \u00fclkemize ve Manisa\u2019m\u0131za bolluk, bereket, birlik, beraberlik, huzur, mutluluk, bar\u0131\u015f ve adalet getirmesini diliyorum&#8221; ifadelerini kulland\u0131.<br \/><\/p>\n","protected":false},"excerpt":{"rendered":"<p>Manisa Kent Konseyi taraf\u0131ndan kentin sosyal, k\u00fclt\u00fcrel ve \u00e7evresel d\u00f6n\u00fc\u015f\u00fcm\u00fcne katk\u0131 sa\u011flamak amac\u0131yla haz\u0131rlanan 8 stratejik proje, Manisa B\u00fcy\u00fck\u015fehir Belediye Meclisi\u2019nde t\u00fcm gruplar\u0131n oy birli\u011fiyle kabul edildi. Manisa Kent Konseyi\u2019nin uzun s\u00fcredir \u00fczerinde \u00e7al\u0131\u015ft\u0131\u011f\u0131 ve kentin \u00f6ncelikli ihtiya\u00e7lar\u0131n\u0131 esas alan 8 stratejik proje, Manisa B\u00fcy\u00fck\u015fehir Belediye Meclisi\u2019nin ocak ay\u0131 toplant\u0131s\u0131nda g\u00fcndeme geldi. \u0130lgili komisyonlarda yap\u0131lan&#8230;<\/p>\n","protected":false},"author":1,"featured_media":81672,"comment_status":"open","ping_status":"open","sticky":false,"template":"","format":"standard","meta":{"_crdt_document":"","footnotes":""},"categories":[125],"tags":[],"class_list":["post-81671","post","type-post","status-publish","format-standard","has-post-thumbnail","hentry","category-ekonomi"],"_links":{"self":[{"href":"https:\/\/www.egemtv.com\/index.php?rest_route=\/wp\/v2\/posts\/81671","targetHints":{"allow":["GET"]}}],"collection":[{"href":"https:\/\/www.egemtv.com\/index.php?rest_route=\/wp\/v2\/posts"}],"about":[{"href":"https:\/\/www.egemtv.com\/index.php?rest_route=\/wp\/v2\/types\/post"}],"author":[{"embeddable":true,"href":"https:\/\/www.egemtv.com\/index.php?rest_route=\/wp\/v2\/users\/1"}],"replies":[{"embeddable":true,"href":"https:\/\/www.egemtv.com\/index.php?rest_route=%2Fwp%2Fv2%2Fcomments&post=81671"}],"version-history":[{"count":1,"href":"https:\/\/www.egemtv.com\/index.php?rest_route=\/wp\/v2\/posts\/81671\/revisions"}],"predecessor-version":[{"id":81673,"href":"https:\/\/www.egemtv.com\/index.php?rest_route=\/wp\/v2\/posts\/81671\/revisions\/81673"}],"wp:featuredmedia":[{"embeddable":true,"href":"https:\/\/www.egemtv.com\/index.php?rest_route=\/wp\/v2\/media\/81672"}],"wp:attachment":[{"href":"https:\/\/www.egemtv.com\/index.php?rest_route=%2Fwp%2Fv2%2Fmedia&parent=81671"}],"wp:term":[{"taxonomy":"category","embeddable":true,"href":"https:\/\/www.egemtv.com\/index.php?rest_route=%2Fwp%2Fv2%2Fcategories&post=81671"},{"taxonomy":"post_tag","embeddable":true,"href":"https:\/\/www.egemtv.com\/index.php?rest_route=%2Fwp%2Fv2%2Ftags&post=81671"}],"curies":[{"name":"wp","href":"https:\/\/api.w.org\/{rel}","templated":true}]}}