{"id":81668,"date":"2026-01-19T11:14:57","date_gmt":"2026-01-19T08:14:57","guid":{"rendered":"https:\/\/www.egemtv.com\/?p=81668"},"modified":"2026-01-19T11:14:58","modified_gmt":"2026-01-19T08:14:58","slug":"civril-belediyesi-yariyil-tatiline-ozel-sinema-ve-atolye-etkinlikleri-duzenliyor","status":"publish","type":"post","link":"https:\/\/www.egemtv.com\/?p=81668","title":{"rendered":"\u00c7ivril Belediyesi, yar\u0131y\u0131l tatiline \u00f6zel sinema ve at\u00f6lye etkinlikleri d\u00fczenliyor"},"content":{"rendered":"<p>\u00c7ivril Belediyesi, yar\u0131y\u0131l tatilinde \u00e7ocuklar i\u00e7in \u00fccretsiz sinema ve at\u00f6lye etkinlikleri d\u00fczenlenecek. \u00c7ivril Belediye Ba\u015fkan\u0131 Semih Dere, t\u00fcm \u00e7ocuklar\u0131 20-30 Ocak tarihleri aras\u0131ndaki etkinliklere davet etti.<br \/>\n<br \/>\u00c7ivril Belediyesi, yar\u0131y\u0131l tatiline giren \u00e7ocuklar\u0131n tatil s\u00fcrecini hem e\u011flenceli hem de verimli ge\u00e7irmesi amac\u0131yla birbirinden keyifli etkinlikler haz\u0131rlad\u0131. Yar\u0131y\u0131l Etkinlikleri kapsam\u0131nda 20-23 Ocak tarihleri aras\u0131nda Tren Yolu Gar Binas\u0131 Toplant\u0131 Salonu\u2019nda sinema g\u00f6sterimleri ger\u00e7ekle\u015ftirilecek. Sinema g\u00fcnleriyle \u00e7ocuklar\u0131n keyifli vakit ge\u00e7irmesi hedeflenirken, 26-30 Ocak tarihleri aras\u0131nda ise Vali Recep Yaz\u0131c\u0131o\u011flu Konferans Salonu\u2019nda at\u00f6lye etkinlikleri d\u00fczenlenecek. At\u00f6lye \u00e7al\u0131\u015fmalar\u0131yla \u00e7ocuklar\u0131n el becerilerini geli\u015ftirmesi ve yeni deneyimler kazanmas\u0131 ama\u00e7lan\u0131yor.<br \/>\n<br \/>\u00c7ivril Belediyesi olarak \u00e7ocuklar\u0131n her zaman yan\u0131nda olduklar\u0131n\u0131 vurgulayan Ba\u015fkan Semih Dere, &#8220;Sevgili \u00e7ocuklar\u0131m\u0131z\u0131n yar\u0131y\u0131l tatilini hem e\u011flenceli hem de verimli ge\u00e7irmesi i\u00e7in birbirinden keyifli Yar\u0131y\u0131l Tatili Etkinlikleri haz\u0131rlad\u0131k. 20-30 Ocak tarihleri aras\u0131nda \u00fccretsiz olarak d\u00fczenleyece\u011fimiz k\u00fclt\u00fcrel ve e\u011fitici etkinliklerimize t\u00fcm \u00e7ocuklar\u0131m\u0131z\u0131 bekliyoruz. T\u00fcm \u00e7ocuklar\u0131m\u0131za keyifli, e\u011flenceli ve dolu dolu bir yar\u0131y\u0131l tatili diliyorum&#8221; dedi.<br \/><\/p>\n","protected":false},"excerpt":{"rendered":"<p>\u00c7ivril Belediyesi, yar\u0131y\u0131l tatilinde \u00e7ocuklar i\u00e7in \u00fccretsiz sinema ve at\u00f6lye etkinlikleri d\u00fczenlenecek. \u00c7ivril Belediye Ba\u015fkan\u0131 Semih Dere, t\u00fcm \u00e7ocuklar\u0131 20-30 Ocak tarihleri aras\u0131ndaki etkinliklere davet etti. \u00c7ivril Belediyesi, yar\u0131y\u0131l tatiline giren \u00e7ocuklar\u0131n tatil s\u00fcrecini hem e\u011flenceli hem de verimli ge\u00e7irmesi amac\u0131yla birbirinden keyifli etkinlikler haz\u0131rlad\u0131. Yar\u0131y\u0131l Etkinlikleri kapsam\u0131nda 20-23 Ocak tarihleri aras\u0131nda Tren Yolu Gar&#8230;<\/p>\n","protected":false},"author":1,"featured_media":81669,"comment_status":"open","ping_status":"open","sticky":false,"template":"","format":"standard","meta":{"_crdt_document":"","footnotes":""},"categories":[1],"tags":[],"class_list":["post-81668","post","type-post","status-publish","format-standard","has-post-thumbnail","hentry","category-guncel"],"_links":{"self":[{"href":"https:\/\/www.egemtv.com\/index.php?rest_route=\/wp\/v2\/posts\/81668","targetHints":{"allow":["GET"]}}],"collection":[{"href":"https:\/\/www.egemtv.com\/index.php?rest_route=\/wp\/v2\/posts"}],"about":[{"href":"https:\/\/www.egemtv.com\/index.php?rest_route=\/wp\/v2\/types\/post"}],"author":[{"embeddable":true,"href":"https:\/\/www.egemtv.com\/index.php?rest_route=\/wp\/v2\/users\/1"}],"replies":[{"embeddable":true,"href":"https:\/\/www.egemtv.com\/index.php?rest_route=%2Fwp%2Fv2%2Fcomments&post=81668"}],"version-history":[{"count":1,"href":"https:\/\/www.egemtv.com\/index.php?rest_route=\/wp\/v2\/posts\/81668\/revisions"}],"predecessor-version":[{"id":81670,"href":"https:\/\/www.egemtv.com\/index.php?rest_route=\/wp\/v2\/posts\/81668\/revisions\/81670"}],"wp:featuredmedia":[{"embeddable":true,"href":"https:\/\/www.egemtv.com\/index.php?rest_route=\/wp\/v2\/media\/81669"}],"wp:attachment":[{"href":"https:\/\/www.egemtv.com\/index.php?rest_route=%2Fwp%2Fv2%2Fmedia&parent=81668"}],"wp:term":[{"taxonomy":"category","embeddable":true,"href":"https:\/\/www.egemtv.com\/index.php?rest_route=%2Fwp%2Fv2%2Fcategories&post=81668"},{"taxonomy":"post_tag","embeddable":true,"href":"https:\/\/www.egemtv.com\/index.php?rest_route=%2Fwp%2Fv2%2Ftags&post=81668"}],"curies":[{"name":"wp","href":"https:\/\/api.w.org\/{rel}","templated":true}]}}