{"id":81662,"date":"2026-01-19T11:14:55","date_gmt":"2026-01-19T08:14:55","guid":{"rendered":"https:\/\/www.egemtv.com\/?p=81662"},"modified":"2026-01-19T11:14:56","modified_gmt":"2026-01-19T08:14:56","slug":"aydinda-yalniz-yasayan-yasli-adam-yanginda-hayatini-kaybetti","status":"publish","type":"post","link":"https:\/\/www.egemtv.com\/?p=81662","title":{"rendered":"Ayd\u0131n\u2019da yaln\u0131z ya\u015fayan ya\u015fl\u0131 adam yang\u0131nda hayat\u0131n\u0131 kaybetti"},"content":{"rendered":"<p>Ayd\u0131n\u2019\u0131n \u0130ncirliova il\u00e7esinde sabaha kar\u015f\u0131 \u00e7\u0131kan yang\u0131nda yaln\u0131z ya\u015fayan bir adam hayat\u0131n\u0131 kaybetti.<br \/>\n<br \/>Yang\u0131n, Acarlar Mahallesi\u2019nde saat 06.00 s\u0131ralar\u0131nda meydana geldi. Edinilen bilgiye g\u00f6re, yaln\u0131z ya\u015fad\u0131\u011f\u0131 \u00f6\u011frenilen 78 ya\u015f\u0131ndaki Servet Savar\u2019\u0131n evinde hen\u00fcz bilinmeyen bir nedenle yang\u0131n \u00e7\u0131kt\u0131. K\u0131sa s\u00fcrede evi saran alevleri fark eden \u00e7evredeki vatanda\u015flar durumu 112 Acil \u00c7a\u011fr\u0131 Merkezi\u2019ne bildirdi. \u0130hbar \u00fczerine b\u00f6lgeye itfaiye, sa\u011fl\u0131k ve polis ekipleri sevk edildi. K\u0131sa s\u00fcrede olay yerine gelen Ayd\u0131n B\u00fcy\u00fck\u015fehir Belediyesi \u0130tfaiye Daire Ba\u015fkanl\u0131\u011f\u0131 ekipleri yang\u0131nda m\u00fcdahale etti. Ekiplerin uzun u\u011fra\u015flar\u0131 sonucu yang\u0131n kontrol alt\u0131na al\u0131n\u0131rken, uykuda yang\u0131na yakaland\u0131\u011f\u0131 belirlenen Servet Savar\u2019\u0131n olay yerinde hayat\u0131n\u0131 kaybetti\u011fi tespit edildi. \u0130lk belirlemelere g\u00f6re yang\u0131n\u0131n sigaradan kaynakland\u0131\u011f\u0131, Savar\u2019\u0131n yata\u011f\u0131nda ba\u015flad\u0131\u011f\u0131 ve k\u0131sa s\u00fcrede t\u00fcm eve yay\u0131ld\u0131\u011f\u0131 bilgisine ula\u015f\u0131ld\u0131.<br \/>\n<br \/>Yang\u0131nla ilgili inceleme ba\u015flat\u0131ld\u0131.<br \/><\/p>\n","protected":false},"excerpt":{"rendered":"<p>Ayd\u0131n\u2019\u0131n \u0130ncirliova il\u00e7esinde sabaha kar\u015f\u0131 \u00e7\u0131kan yang\u0131nda yaln\u0131z ya\u015fayan bir adam hayat\u0131n\u0131 kaybetti. Yang\u0131n, Acarlar Mahallesi\u2019nde saat 06.00 s\u0131ralar\u0131nda meydana geldi. Edinilen bilgiye g\u00f6re, yaln\u0131z ya\u015fad\u0131\u011f\u0131 \u00f6\u011frenilen 78 ya\u015f\u0131ndaki Servet Savar\u2019\u0131n evinde hen\u00fcz bilinmeyen bir nedenle yang\u0131n \u00e7\u0131kt\u0131. K\u0131sa s\u00fcrede evi saran alevleri fark eden \u00e7evredeki vatanda\u015flar durumu 112 Acil \u00c7a\u011fr\u0131 Merkezi\u2019ne bildirdi. \u0130hbar \u00fczerine&#8230;<\/p>\n","protected":false},"author":1,"featured_media":81663,"comment_status":"open","ping_status":"open","sticky":false,"template":"","format":"standard","meta":{"_crdt_document":"","footnotes":""},"categories":[5],"tags":[],"class_list":["post-81662","post","type-post","status-publish","format-standard","has-post-thumbnail","hentry","category-asayis"],"_links":{"self":[{"href":"https:\/\/www.egemtv.com\/index.php?rest_route=\/wp\/v2\/posts\/81662","targetHints":{"allow":["GET"]}}],"collection":[{"href":"https:\/\/www.egemtv.com\/index.php?rest_route=\/wp\/v2\/posts"}],"about":[{"href":"https:\/\/www.egemtv.com\/index.php?rest_route=\/wp\/v2\/types\/post"}],"author":[{"embeddable":true,"href":"https:\/\/www.egemtv.com\/index.php?rest_route=\/wp\/v2\/users\/1"}],"replies":[{"embeddable":true,"href":"https:\/\/www.egemtv.com\/index.php?rest_route=%2Fwp%2Fv2%2Fcomments&post=81662"}],"version-history":[{"count":1,"href":"https:\/\/www.egemtv.com\/index.php?rest_route=\/wp\/v2\/posts\/81662\/revisions"}],"predecessor-version":[{"id":81664,"href":"https:\/\/www.egemtv.com\/index.php?rest_route=\/wp\/v2\/posts\/81662\/revisions\/81664"}],"wp:featuredmedia":[{"embeddable":true,"href":"https:\/\/www.egemtv.com\/index.php?rest_route=\/wp\/v2\/media\/81663"}],"wp:attachment":[{"href":"https:\/\/www.egemtv.com\/index.php?rest_route=%2Fwp%2Fv2%2Fmedia&parent=81662"}],"wp:term":[{"taxonomy":"category","embeddable":true,"href":"https:\/\/www.egemtv.com\/index.php?rest_route=%2Fwp%2Fv2%2Fcategories&post=81662"},{"taxonomy":"post_tag","embeddable":true,"href":"https:\/\/www.egemtv.com\/index.php?rest_route=%2Fwp%2Fv2%2Ftags&post=81662"}],"curies":[{"name":"wp","href":"https:\/\/api.w.org\/{rel}","templated":true}]}}