{"id":81602,"date":"2026-01-18T22:37:13","date_gmt":"2026-01-18T19:37:13","guid":{"rendered":"https:\/\/www.egemtv.com\/?p=81602"},"modified":"2026-01-18T22:37:14","modified_gmt":"2026-01-18T19:37:14","slug":"balikoy-gencyurduspordan-cifte-sampiyonluk-sevinci","status":"publish","type":"post","link":"https:\/\/www.egemtv.com\/?p=81602","title":{"rendered":"Bal\u0131k\u00f6y Gen\u00e7yurduspor\u2019dan \u00e7ifte \u015fampiyonluk sevinci"},"content":{"rendered":"<p>K\u00fctahya\u2019n\u0131n Tav\u015fanl\u0131 il\u00e7esinde Bal\u0131k\u00f6y Gen\u00e7yurdu Spor\u2019un ge\u00e7ti\u011fimiz sezondan kalan \u015fampiyonluk kupas\u0131, d\u00fczenlenen t\u00f6renle takdim edildi. Bu sezon 1. Amat\u00f6r B Grubu\u2019nda \u015fampiyonlu\u011funu ligin bitimine iki hafta kala garantileyen Bal\u0131k\u00f6y ekibi, \u00e7ifte mutluluk ya\u015fad\u0131.<br \/>\n<br \/>Tav\u015fanl\u0131 Karakova Semt Sahalar\u0131\u2019nda oynanan Demirbilekspor kar\u015f\u0131la\u015fmas\u0131n\u0131n ard\u0131ndan ger\u00e7ekle\u015ftirilen t\u00f6rende, Bal\u0131k\u00f6y Gen\u00e7yurdu Spor\u2019un ge\u00e7ti\u011fimiz sezon kazand\u0131\u011f\u0131 2. Amat\u00f6r K\u00fcme \u015fampiyonluk kupas\u0131 kul\u00fcbe teslim edildi. K\u00fctahya Amat\u00f6r Spor Kul\u00fcpleri Federasyonu (ASKF) taraf\u0131ndan takdim edilen kupa, taraftarlar taraf\u0131ndan b\u00fcy\u00fck co\u015fkuyla kar\u015f\u0131land\u0131.<br \/>\n<br \/>Kupa t\u00f6renine Bal\u0131k\u00f6y Belediye Ba\u015fkan\u0131 Hasan Mehmet Yazkan, K\u00fctahya ASKF Ba\u015fkan Yard\u0131mc\u0131s\u0131 Celalettin Altay, Antren\u00f6r \u0130smail A\u015far ile sporcular ve kul\u00fcp y\u00f6neticileri kat\u0131ld\u0131. ASKF Ba\u015fkan Yard\u0131mc\u0131s\u0131 Celalettin Altay, kul\u00fcp y\u00f6netimini ve sporcular\u0131 tebrik ederek \u015fampiyonluk kupas\u0131n\u0131 takdim etti.<br \/>\n<br \/>T\u00f6rende konu\u015fan Bal\u0131k\u00f6y Belediye Ba\u015fkan\u0131 Hasan Mehmet Yazkan, Bal\u0131k\u00f6y halk\u0131na \u015fampiyonluk arma\u011fan ettikleri i\u00e7in duydu\u011fu memnuniyeti dile getirerek, &#8220;G\u00fczel bir m\u00fccadele ile kupam\u0131z\u0131 ald\u0131k. Bal\u0131k\u00f6y bunu sonuna kadar hak ediyordu. Ge\u00e7en y\u0131l\u0131n kupas\u0131n\u0131 bug\u00fcn ald\u0131k ama bu sezon da ba\u015far\u0131m\u0131z\u0131 per\u00e7inledik. Bitime iki hafta kala \u015fampiyonlu\u011fumuzu ilan ettik. Bu ba\u015far\u0131 t\u00fcm Bal\u0131k\u00f6y\u2019e hediye olsun&#8221; dedi.<br \/>\n<br \/>Bu sezon sergiledi\u011fi ba\u015far\u0131l\u0131 performansla 1. Amat\u00f6r K\u00fcme\u2019de de \u015fampiyonlu\u011funu matematiksel olarak garantileyen Bal\u0131k\u00f6y Gen\u00e7yurdu Spor, yeni hedeflerine odakland\u0131. Ligin bitimine iki hafta kala zirveyi garantileyen ekibin, 1. Amat\u00f6r K\u00fcme \u015fampiyonluk kupas\u0131n\u0131 play-off m\u00fcsabakalar\u0131 s\u0131ras\u0131nda alaca\u011f\u0131 \u00f6\u011frenildi.<br \/>\n<br \/>Antren\u00f6r \u0130smail A\u015far y\u00f6netimindeki Bal\u0131k\u00f6y Gen\u00e7yurdu Spor, t\u00f6renin ard\u0131ndan galibiyet ve kupa sevincini taraftarlar\u0131yla birlikte kutlad\u0131. Kar\u015f\u0131la\u015fma ise Bal\u0131k\u00f6yspor\u2019un Demirbilekspor\u2019u 2-0 ma\u011flup etmesiyle sona erdi.<br \/><\/p>\n","protected":false},"excerpt":{"rendered":"<p>K\u00fctahya\u2019n\u0131n Tav\u015fanl\u0131 il\u00e7esinde Bal\u0131k\u00f6y Gen\u00e7yurdu Spor\u2019un ge\u00e7ti\u011fimiz sezondan kalan \u015fampiyonluk kupas\u0131, d\u00fczenlenen t\u00f6renle takdim edildi. Bu sezon 1. Amat\u00f6r B Grubu\u2019nda \u015fampiyonlu\u011funu ligin bitimine iki hafta kala garantileyen Bal\u0131k\u00f6y ekibi, \u00e7ifte mutluluk ya\u015fad\u0131. Tav\u015fanl\u0131 Karakova Semt Sahalar\u0131\u2019nda oynanan Demirbilekspor kar\u015f\u0131la\u015fmas\u0131n\u0131n ard\u0131ndan ger\u00e7ekle\u015ftirilen t\u00f6rende, Bal\u0131k\u00f6y Gen\u00e7yurdu Spor\u2019un ge\u00e7ti\u011fimiz sezon kazand\u0131\u011f\u0131 2. Amat\u00f6r K\u00fcme \u015fampiyonluk kupas\u0131 kul\u00fcbe&#8230;<\/p>\n","protected":false},"author":1,"featured_media":81603,"comment_status":"open","ping_status":"open","sticky":false,"template":"","format":"standard","meta":{"_crdt_document":"","footnotes":""},"categories":[4],"tags":[],"class_list":["post-81602","post","type-post","status-publish","format-standard","has-post-thumbnail","hentry","category-spor"],"_links":{"self":[{"href":"https:\/\/www.egemtv.com\/index.php?rest_route=\/wp\/v2\/posts\/81602","targetHints":{"allow":["GET"]}}],"collection":[{"href":"https:\/\/www.egemtv.com\/index.php?rest_route=\/wp\/v2\/posts"}],"about":[{"href":"https:\/\/www.egemtv.com\/index.php?rest_route=\/wp\/v2\/types\/post"}],"author":[{"embeddable":true,"href":"https:\/\/www.egemtv.com\/index.php?rest_route=\/wp\/v2\/users\/1"}],"replies":[{"embeddable":true,"href":"https:\/\/www.egemtv.com\/index.php?rest_route=%2Fwp%2Fv2%2Fcomments&post=81602"}],"version-history":[{"count":1,"href":"https:\/\/www.egemtv.com\/index.php?rest_route=\/wp\/v2\/posts\/81602\/revisions"}],"predecessor-version":[{"id":81604,"href":"https:\/\/www.egemtv.com\/index.php?rest_route=\/wp\/v2\/posts\/81602\/revisions\/81604"}],"wp:featuredmedia":[{"embeddable":true,"href":"https:\/\/www.egemtv.com\/index.php?rest_route=\/wp\/v2\/media\/81603"}],"wp:attachment":[{"href":"https:\/\/www.egemtv.com\/index.php?rest_route=%2Fwp%2Fv2%2Fmedia&parent=81602"}],"wp:term":[{"taxonomy":"category","embeddable":true,"href":"https:\/\/www.egemtv.com\/index.php?rest_route=%2Fwp%2Fv2%2Fcategories&post=81602"},{"taxonomy":"post_tag","embeddable":true,"href":"https:\/\/www.egemtv.com\/index.php?rest_route=%2Fwp%2Fv2%2Ftags&post=81602"}],"curies":[{"name":"wp","href":"https:\/\/api.w.org\/{rel}","templated":true}]}}