{"id":81599,"date":"2026-01-18T21:54:42","date_gmt":"2026-01-18T18:54:42","guid":{"rendered":"https:\/\/www.egemtv.com\/?p=81599"},"modified":"2026-01-18T21:54:43","modified_gmt":"2026-01-18T18:54:43","slug":"otomobil-mopedle-carpisti-anne-hayatini-kaybetti-oglu-agir-yaralandi","status":"publish","type":"post","link":"https:\/\/www.egemtv.com\/?p=81599","title":{"rendered":"Otomobil mopedle \u00e7arp\u0131\u015ft\u0131: Anne hayat\u0131n\u0131 kaybetti, o\u011flu a\u011f\u0131r yaraland\u0131"},"content":{"rendered":"<p>Afyonkarahisar\u2019da otomobilin moped ile \u00e7arp\u0131\u015ft\u0131\u011f\u0131 kazada anne hayat\u0131n\u0131 kaybederken, 12 ya\u015f\u0131ndaki o\u011flu ise a\u011f\u0131r yaraland\u0131. G\u00fcvenlik kameralar\u0131na da yans\u0131yan kazada mopedde bulunanlar\u0131n metrelerce y\u00fckse\u011fe savruldu\u011fu g\u00f6r\u00fcld\u00fc.<br \/>\n<br \/>Kaza, Dinar il\u00e7esine ba\u011fl\u0131 Tatarl\u0131 beldesinde meydana geldi. Edinilen bilgilere g\u00f6re, E.D. (31) idaresindeki 42 U 9860 plakal\u0131 otomobil, Dinar-\u00c7ay kara yolu Tatarl\u0131 beldesi yak\u0131nlar\u0131nda yolun kar\u015f\u0131s\u0131na ge\u00e7meye \u00e7al\u0131\u015fan S.S\u2019nin (48) kulland\u0131\u011f\u0131 mopede \u00e7arpt\u0131. \u00c7arp\u0131\u015fman\u0131n etkisiyle savrulan otomobil, yol kenar\u0131ndaki elektrik dire\u011fine \u00e7arparak durabildi. Kazada moped s\u00fcr\u00fcc\u00fcs\u00fc S.S. ile o\u011flu D.S. a\u011f\u0131r yaraland\u0131. Yaral\u0131lar, kaza sonras\u0131 \u00e7evredekilerin haber vermesi \u00fczerine olay yerine gelen ambulanslarla hastanelere kald\u0131r\u0131ld\u0131. Yaral\u0131lardan anne S.S. yap\u0131lan m\u00fcdahaleye ra\u011fmen kurtar\u0131lamazken, o\u011flunun ise durumunun ciddiyetini korudu\u011fu \u00f6\u011frenildi.<br \/>\n<br \/>Jandarma ekipleri, otomobil s\u00fcr\u00fcc\u00fcs\u00fc E.D.\u2019yi g\u00f6zalt\u0131na ald\u0131. \u00d6te yandan, g\u00fcvenlik kameralar\u0131na da yans\u0131yan kazada mopedde bulunanlar\u0131n metrelerce y\u00fckse\u011fe savruldu\u011fu g\u00f6r\u00fcld\u00fc.<br \/><\/p>\n","protected":false},"excerpt":{"rendered":"<p>Afyonkarahisar\u2019da otomobilin moped ile \u00e7arp\u0131\u015ft\u0131\u011f\u0131 kazada anne hayat\u0131n\u0131 kaybederken, 12 ya\u015f\u0131ndaki o\u011flu ise a\u011f\u0131r yaraland\u0131. G\u00fcvenlik kameralar\u0131na da yans\u0131yan kazada mopedde bulunanlar\u0131n metrelerce y\u00fckse\u011fe savruldu\u011fu g\u00f6r\u00fcld\u00fc. Kaza, Dinar il\u00e7esine ba\u011fl\u0131 Tatarl\u0131 beldesinde meydana geldi. Edinilen bilgilere g\u00f6re, E.D. (31) idaresindeki 42 U 9860 plakal\u0131 otomobil, Dinar-\u00c7ay kara yolu Tatarl\u0131 beldesi yak\u0131nlar\u0131nda yolun kar\u015f\u0131s\u0131na ge\u00e7meye \u00e7al\u0131\u015fan&#8230;<\/p>\n","protected":false},"author":1,"featured_media":81600,"comment_status":"open","ping_status":"open","sticky":false,"template":"","format":"standard","meta":{"_crdt_document":"","footnotes":""},"categories":[5],"tags":[],"class_list":["post-81599","post","type-post","status-publish","format-standard","has-post-thumbnail","hentry","category-asayis"],"_links":{"self":[{"href":"https:\/\/www.egemtv.com\/index.php?rest_route=\/wp\/v2\/posts\/81599","targetHints":{"allow":["GET"]}}],"collection":[{"href":"https:\/\/www.egemtv.com\/index.php?rest_route=\/wp\/v2\/posts"}],"about":[{"href":"https:\/\/www.egemtv.com\/index.php?rest_route=\/wp\/v2\/types\/post"}],"author":[{"embeddable":true,"href":"https:\/\/www.egemtv.com\/index.php?rest_route=\/wp\/v2\/users\/1"}],"replies":[{"embeddable":true,"href":"https:\/\/www.egemtv.com\/index.php?rest_route=%2Fwp%2Fv2%2Fcomments&post=81599"}],"version-history":[{"count":1,"href":"https:\/\/www.egemtv.com\/index.php?rest_route=\/wp\/v2\/posts\/81599\/revisions"}],"predecessor-version":[{"id":81601,"href":"https:\/\/www.egemtv.com\/index.php?rest_route=\/wp\/v2\/posts\/81599\/revisions\/81601"}],"wp:featuredmedia":[{"embeddable":true,"href":"https:\/\/www.egemtv.com\/index.php?rest_route=\/wp\/v2\/media\/81600"}],"wp:attachment":[{"href":"https:\/\/www.egemtv.com\/index.php?rest_route=%2Fwp%2Fv2%2Fmedia&parent=81599"}],"wp:term":[{"taxonomy":"category","embeddable":true,"href":"https:\/\/www.egemtv.com\/index.php?rest_route=%2Fwp%2Fv2%2Fcategories&post=81599"},{"taxonomy":"post_tag","embeddable":true,"href":"https:\/\/www.egemtv.com\/index.php?rest_route=%2Fwp%2Fv2%2Ftags&post=81599"}],"curies":[{"name":"wp","href":"https:\/\/api.w.org\/{rel}","templated":true}]}}