{"id":81596,"date":"2026-01-18T21:15:16","date_gmt":"2026-01-18T18:15:16","guid":{"rendered":"https:\/\/www.egemtv.com\/?p=81596"},"modified":"2026-01-18T21:15:17","modified_gmt":"2026-01-18T18:15:17","slug":"aydinda-yangin-dumandan-etkilenen-2-kisi-hastaneye-kaldirildi","status":"publish","type":"post","link":"https:\/\/www.egemtv.com\/?p=81596","title":{"rendered":"Ayd\u0131n\u2019da yang\u0131n: Dumandan etkilenen 2 ki\u015fi hastaneye kald\u0131r\u0131ld\u0131"},"content":{"rendered":"<p>Ayd\u0131n\u2019\u0131n Efeler il\u00e7esinde bir apartman\u0131n zemin kat\u0131ndaki depoda \u00e7\u0131kan yang\u0131n vatanda\u015flar\u0131 korkuttu. Yang\u0131nda dumandan etkilenen 2 ki\u015fi hastaneye kald\u0131r\u0131ld\u0131.<br \/>\n<br \/>Yang\u0131n, Mesudiye Mahallesi Mesudiye Caddesi \u00fczerindeki 3 katl\u0131 bir binan\u0131n zemin kat\u0131ndaki depoda meydana geldi. Edinilen bilgiye g\u00f6re, \u00e7e\u015fitli e\u015fyalar\u0131n bulundu\u011fu depoda hen\u00fcz bilinmeyen bir nedenle yang\u0131n \u00e7\u0131kt\u0131. Depodan y\u00fckselen yo\u011fun duman h\u0131zla \u00fcst katlara ula\u015ft\u0131. 112 Acil \u00c7a\u011fr\u0131 Merkezi\u2019ne yap\u0131lan ihbar \u00fczerine adrese itfaiye, sa\u011fl\u0131k ve polis ekipleri sevk edildi. K\u0131sa s\u00fcrede olay yerine gelen Ayd\u0131n B\u00fcy\u00fck\u015fehir Belediyesi \u0130tfaiye Daire Ba\u015fkanl\u0131\u011f\u0131 ekipleri yang\u0131na m\u00fcdahale etti. Ekiplerin uzun u\u011fra\u015flar\u0131 sonucu yang\u0131n kontrol alt\u0131na al\u0131n\u0131rken, dumandan etkilenen 2 ki\u015fi ambulansla hastaneye kald\u0131r\u0131ld\u0131.<br \/>\n<br \/>Yang\u0131nda depoda bulunan e\u015fyalar kullan\u0131lamaz hale gelirken, binada da b\u00fcy\u00fck \u00e7apta hasar meydana geldi. Ekipler yang\u0131n\u0131n \u00e7\u0131k\u0131\u015f nedeninin belirlenebilmesi i\u00e7in \u00e7al\u0131\u015fma ba\u015flatt\u0131.<br \/><\/p>\n","protected":false},"excerpt":{"rendered":"<p>Ayd\u0131n\u2019\u0131n Efeler il\u00e7esinde bir apartman\u0131n zemin kat\u0131ndaki depoda \u00e7\u0131kan yang\u0131n vatanda\u015flar\u0131 korkuttu. Yang\u0131nda dumandan etkilenen 2 ki\u015fi hastaneye kald\u0131r\u0131ld\u0131. Yang\u0131n, Mesudiye Mahallesi Mesudiye Caddesi \u00fczerindeki 3 katl\u0131 bir binan\u0131n zemin kat\u0131ndaki depoda meydana geldi. Edinilen bilgiye g\u00f6re, \u00e7e\u015fitli e\u015fyalar\u0131n bulundu\u011fu depoda hen\u00fcz bilinmeyen bir nedenle yang\u0131n \u00e7\u0131kt\u0131. Depodan y\u00fckselen yo\u011fun duman h\u0131zla \u00fcst katlara ula\u015ft\u0131&#8230;.<\/p>\n","protected":false},"author":1,"featured_media":81597,"comment_status":"open","ping_status":"open","sticky":false,"template":"","format":"standard","meta":{"_crdt_document":"","footnotes":""},"categories":[5],"tags":[],"class_list":["post-81596","post","type-post","status-publish","format-standard","has-post-thumbnail","hentry","category-asayis"],"_links":{"self":[{"href":"https:\/\/www.egemtv.com\/index.php?rest_route=\/wp\/v2\/posts\/81596","targetHints":{"allow":["GET"]}}],"collection":[{"href":"https:\/\/www.egemtv.com\/index.php?rest_route=\/wp\/v2\/posts"}],"about":[{"href":"https:\/\/www.egemtv.com\/index.php?rest_route=\/wp\/v2\/types\/post"}],"author":[{"embeddable":true,"href":"https:\/\/www.egemtv.com\/index.php?rest_route=\/wp\/v2\/users\/1"}],"replies":[{"embeddable":true,"href":"https:\/\/www.egemtv.com\/index.php?rest_route=%2Fwp%2Fv2%2Fcomments&post=81596"}],"version-history":[{"count":1,"href":"https:\/\/www.egemtv.com\/index.php?rest_route=\/wp\/v2\/posts\/81596\/revisions"}],"predecessor-version":[{"id":81598,"href":"https:\/\/www.egemtv.com\/index.php?rest_route=\/wp\/v2\/posts\/81596\/revisions\/81598"}],"wp:featuredmedia":[{"embeddable":true,"href":"https:\/\/www.egemtv.com\/index.php?rest_route=\/wp\/v2\/media\/81597"}],"wp:attachment":[{"href":"https:\/\/www.egemtv.com\/index.php?rest_route=%2Fwp%2Fv2%2Fmedia&parent=81596"}],"wp:term":[{"taxonomy":"category","embeddable":true,"href":"https:\/\/www.egemtv.com\/index.php?rest_route=%2Fwp%2Fv2%2Fcategories&post=81596"},{"taxonomy":"post_tag","embeddable":true,"href":"https:\/\/www.egemtv.com\/index.php?rest_route=%2Fwp%2Fv2%2Ftags&post=81596"}],"curies":[{"name":"wp","href":"https:\/\/api.w.org\/{rel}","templated":true}]}}