{"id":81593,"date":"2026-01-18T20:14:52","date_gmt":"2026-01-18T17:14:52","guid":{"rendered":"https:\/\/www.egemtv.com\/?p=81593"},"modified":"2026-01-18T20:14:53","modified_gmt":"2026-01-18T17:14:53","slug":"imren-alacatispor-sahasinda-kazandi","status":"publish","type":"post","link":"https:\/\/www.egemtv.com\/?p=81593","title":{"rendered":"\u0130mren Ala\u00e7at\u0131spor sahas\u0131nda kazand\u0131"},"content":{"rendered":"<p>\u0130zmir S\u00fcper Amat\u00f6r Lig E Grubu\u2019nda m\u00fccadele eden \u0130mren Ala\u00e7at\u0131spor, konuk etti\u011fi Seferihisarspor\u2019u 2-0 ma\u011flup etti.<br \/>\n<br \/>Kar\u015f\u0131la\u015fmaya bask\u0131l\u0131 ba\u015flayan ev sahibi ekip, rakip kalede kurdu\u011fu \u00fcst\u00fcnl\u00fc\u011f\u00fcn kar\u015f\u0131l\u0131\u011f\u0131n\u0131 23. dakikada ald\u0131. Yi\u011fit Can Bak\u0131rl\u0131\u2019n\u0131n kaydetti\u011fi golle \u00f6ne ge\u00e7en \u0130mren Ala\u00e7at\u0131spor, ilk yar\u0131n\u0131n son dakikalar\u0131nda bir gol daha buldu. 45. dakikada Erdi \u00d6nal\u2019\u0131n att\u0131\u011f\u0131 golle fark\u0131 ikiye \u00e7\u0131karan Ala\u00e7at\u0131 temsilcisi, soyunma odas\u0131na 2-0\u2019l\u0131k \u00fcst\u00fcnl\u00fckle girdi. M\u00fccadelenin ikinci yar\u0131s\u0131nda skor de\u011fi\u015fmezken, sahadan 2-0 galip ayr\u0131lan \u0130mren Ala\u00e7at\u0131spor puan\u0131n\u0131 23\u2019e y\u00fckseltti ve lig s\u0131ralamas\u0131nda 3. s\u0131raya yerle\u015fti. \u0130mren Ala\u00e7at\u0131spor, 25 Ocak Pazar g\u00fcn\u00fc deplasmanda \u00d6zderespor ile kar\u015f\u0131 kar\u015f\u0131ya gelecek.<br \/>\n<br \/>\u00c7e\u015fme Belediyespor ise bu hafta oynayaca\u011f\u0131 G\u00fcm\u00fcld\u00fcrspor ma\u00e7\u0131n\u0131, rakibinin ligden \u00e7ekilmesi nedeniyle h\u00fckmen kazand\u0131. Bu sonu\u00e7la puan\u0131n\u0131 17\u2019ye \u00e7\u0131karan \u00c7e\u015fme ekibi, ligde 6. s\u0131rada yer ald\u0131. \u00c7e\u015fme Belediyespor, 25 Ocak Pazar g\u00fcn\u00fc G\u00fczelbah\u00e7e\u2019yi konuk edecek.<br \/><\/p>\n","protected":false},"excerpt":{"rendered":"<p>\u0130zmir S\u00fcper Amat\u00f6r Lig E Grubu\u2019nda m\u00fccadele eden \u0130mren Ala\u00e7at\u0131spor, konuk etti\u011fi Seferihisarspor\u2019u 2-0 ma\u011flup etti. Kar\u015f\u0131la\u015fmaya bask\u0131l\u0131 ba\u015flayan ev sahibi ekip, rakip kalede kurdu\u011fu \u00fcst\u00fcnl\u00fc\u011f\u00fcn kar\u015f\u0131l\u0131\u011f\u0131n\u0131 23. dakikada ald\u0131. Yi\u011fit Can Bak\u0131rl\u0131\u2019n\u0131n kaydetti\u011fi golle \u00f6ne ge\u00e7en \u0130mren Ala\u00e7at\u0131spor, ilk yar\u0131n\u0131n son dakikalar\u0131nda bir gol daha buldu. 45. dakikada Erdi \u00d6nal\u2019\u0131n att\u0131\u011f\u0131 golle fark\u0131 ikiye&#8230;<\/p>\n","protected":false},"author":1,"featured_media":81594,"comment_status":"open","ping_status":"open","sticky":false,"template":"","format":"standard","meta":{"_crdt_document":"","footnotes":""},"categories":[4],"tags":[],"class_list":["post-81593","post","type-post","status-publish","format-standard","has-post-thumbnail","hentry","category-spor"],"_links":{"self":[{"href":"https:\/\/www.egemtv.com\/index.php?rest_route=\/wp\/v2\/posts\/81593","targetHints":{"allow":["GET"]}}],"collection":[{"href":"https:\/\/www.egemtv.com\/index.php?rest_route=\/wp\/v2\/posts"}],"about":[{"href":"https:\/\/www.egemtv.com\/index.php?rest_route=\/wp\/v2\/types\/post"}],"author":[{"embeddable":true,"href":"https:\/\/www.egemtv.com\/index.php?rest_route=\/wp\/v2\/users\/1"}],"replies":[{"embeddable":true,"href":"https:\/\/www.egemtv.com\/index.php?rest_route=%2Fwp%2Fv2%2Fcomments&post=81593"}],"version-history":[{"count":1,"href":"https:\/\/www.egemtv.com\/index.php?rest_route=\/wp\/v2\/posts\/81593\/revisions"}],"predecessor-version":[{"id":81595,"href":"https:\/\/www.egemtv.com\/index.php?rest_route=\/wp\/v2\/posts\/81593\/revisions\/81595"}],"wp:featuredmedia":[{"embeddable":true,"href":"https:\/\/www.egemtv.com\/index.php?rest_route=\/wp\/v2\/media\/81594"}],"wp:attachment":[{"href":"https:\/\/www.egemtv.com\/index.php?rest_route=%2Fwp%2Fv2%2Fmedia&parent=81593"}],"wp:term":[{"taxonomy":"category","embeddable":true,"href":"https:\/\/www.egemtv.com\/index.php?rest_route=%2Fwp%2Fv2%2Fcategories&post=81593"},{"taxonomy":"post_tag","embeddable":true,"href":"https:\/\/www.egemtv.com\/index.php?rest_route=%2Fwp%2Fv2%2Ftags&post=81593"}],"curies":[{"name":"wp","href":"https:\/\/api.w.org\/{rel}","templated":true}]}}