{"id":81590,"date":"2026-01-18T19:35:50","date_gmt":"2026-01-18T16:35:50","guid":{"rendered":"https:\/\/www.egemtv.com\/?p=81590"},"modified":"2026-01-18T19:35:51","modified_gmt":"2026-01-18T16:35:51","slug":"gokova-aciklarinda-tekne-batti-1-olu-1i-agir-4-yarali","status":"publish","type":"post","link":"https:\/\/www.egemtv.com\/?p=81590","title":{"rendered":"G\u00f6kova a\u00e7\u0131klar\u0131nda tekne batt\u0131: 1 \u00f6l\u00fc, 1\u2019i a\u011f\u0131r 4 yaral\u0131"},"content":{"rendered":"<p>Mu\u011fla\u2019n\u0131n Ula il\u00e7esi a\u00e7\u0131klar\u0131nda i\u00e7erisinde 5 ki\u015finin bulundu\u011fu tekne batt\u0131. Meydana gelen kazada 1 ki\u015fi hayat\u0131n\u0131 kaybederken, 1\u2019i a\u011f\u0131r olmak \u00fczere 4 ki\u015fi yaral\u0131 olarak kurtar\u0131ld\u0131.<br \/>\n<br \/>Edinilen bilgiye g\u00f6re, 112 Acil \u00c7a\u011fr\u0131 Merkezi\u2019ne G\u00f6kova K\u00f6rfezi G\u00f6k\u00e7e sahili a\u00e7\u0131klar\u0131nda 5 metrelik fiber teknenin batt\u0131\u011f\u0131, teknede bulunan 5 ki\u015fiden 1\u2019inin Ziraat\u00e7\u0131lar Koyu\u2019nda kayal\u0131klara \u00e7\u0131kt\u0131\u011f\u0131, di\u011fer 3 ki\u015finin ise g\u00f6zden kayboldu\u011fu y\u00f6n\u00fcnde ihbar yap\u0131ld\u0131. \u0130hbar\u0131n ard\u0131ndan b\u00f6lgeye Sahil G\u00fcvenlik Komutanl\u0131\u011f\u0131 ekipleri sevk edildi. K\u0131sa s\u00fcrede olay yerine ula\u015fan Sahil G\u00fcvenlik botlar\u0131 taraf\u0131ndan y\u00fcr\u00fct\u00fclen arama kurtarma \u00e7al\u0131\u015fmalar\u0131 sonucu 1\u2019i a\u011f\u0131r olmak \u00fczere 4 ki\u015fi denizden kurtar\u0131ld\u0131. Olayda \u0130.\u00d6.\u2019n\u00fcn (66) ise ya\u015fam\u0131n\u0131 yitirdi\u011fi belirlendi. Kurtar\u0131lan A.\u00d6., Y.\u0130., E.\u00d6. ve A.\u00d6. isimli 2\u2019si kad\u0131n 4 yaral\u0131, yap\u0131lan ilk m\u00fcdahalenin ard\u0131ndan Marmaris\u2019in \u00c7aml\u0131 Mahallesi\u2019ndeki iskeleye \u00e7\u0131kart\u0131ld\u0131. Yaral\u0131lar ambulanslarla Marmaris Devlet Hastanesi\u2019ne kald\u0131r\u0131larak tedavi alt\u0131na al\u0131nd\u0131. Hastaneye sevk edilen yaral\u0131lardan birinin durumunun hayati tehlikesinin bulundu\u011fu \u00f6\u011frenildi.<br \/>\n<br \/>Olayla ilgili soru\u015fturma s\u00fcr\u00fcyor.<br \/><\/p>\n","protected":false},"excerpt":{"rendered":"<p>Mu\u011fla\u2019n\u0131n Ula il\u00e7esi a\u00e7\u0131klar\u0131nda i\u00e7erisinde 5 ki\u015finin bulundu\u011fu tekne batt\u0131. Meydana gelen kazada 1 ki\u015fi hayat\u0131n\u0131 kaybederken, 1\u2019i a\u011f\u0131r olmak \u00fczere 4 ki\u015fi yaral\u0131 olarak kurtar\u0131ld\u0131. Edinilen bilgiye g\u00f6re, 112 Acil \u00c7a\u011fr\u0131 Merkezi\u2019ne G\u00f6kova K\u00f6rfezi G\u00f6k\u00e7e sahili a\u00e7\u0131klar\u0131nda 5 metrelik fiber teknenin batt\u0131\u011f\u0131, teknede bulunan 5 ki\u015fiden 1\u2019inin Ziraat\u00e7\u0131lar Koyu\u2019nda kayal\u0131klara \u00e7\u0131kt\u0131\u011f\u0131, di\u011fer 3 ki\u015finin&#8230;<\/p>\n","protected":false},"author":1,"featured_media":81591,"comment_status":"open","ping_status":"open","sticky":false,"template":"","format":"standard","meta":{"_crdt_document":"","footnotes":""},"categories":[5],"tags":[],"class_list":["post-81590","post","type-post","status-publish","format-standard","has-post-thumbnail","hentry","category-asayis"],"_links":{"self":[{"href":"https:\/\/www.egemtv.com\/index.php?rest_route=\/wp\/v2\/posts\/81590","targetHints":{"allow":["GET"]}}],"collection":[{"href":"https:\/\/www.egemtv.com\/index.php?rest_route=\/wp\/v2\/posts"}],"about":[{"href":"https:\/\/www.egemtv.com\/index.php?rest_route=\/wp\/v2\/types\/post"}],"author":[{"embeddable":true,"href":"https:\/\/www.egemtv.com\/index.php?rest_route=\/wp\/v2\/users\/1"}],"replies":[{"embeddable":true,"href":"https:\/\/www.egemtv.com\/index.php?rest_route=%2Fwp%2Fv2%2Fcomments&post=81590"}],"version-history":[{"count":1,"href":"https:\/\/www.egemtv.com\/index.php?rest_route=\/wp\/v2\/posts\/81590\/revisions"}],"predecessor-version":[{"id":81592,"href":"https:\/\/www.egemtv.com\/index.php?rest_route=\/wp\/v2\/posts\/81590\/revisions\/81592"}],"wp:featuredmedia":[{"embeddable":true,"href":"https:\/\/www.egemtv.com\/index.php?rest_route=\/wp\/v2\/media\/81591"}],"wp:attachment":[{"href":"https:\/\/www.egemtv.com\/index.php?rest_route=%2Fwp%2Fv2%2Fmedia&parent=81590"}],"wp:term":[{"taxonomy":"category","embeddable":true,"href":"https:\/\/www.egemtv.com\/index.php?rest_route=%2Fwp%2Fv2%2Fcategories&post=81590"},{"taxonomy":"post_tag","embeddable":true,"href":"https:\/\/www.egemtv.com\/index.php?rest_route=%2Fwp%2Fv2%2Ftags&post=81590"}],"curies":[{"name":"wp","href":"https:\/\/api.w.org\/{rel}","templated":true}]}}