{"id":81587,"date":"2026-01-18T19:14:59","date_gmt":"2026-01-18T16:14:59","guid":{"rendered":"https:\/\/www.egemtv.com\/?p=81587"},"modified":"2026-01-18T19:15:00","modified_gmt":"2026-01-18T16:15:00","slug":"nazillide-baskan-akyol-guven-tazeledi","status":"publish","type":"post","link":"https:\/\/www.egemtv.com\/?p=81587","title":{"rendered":"Nazilli\u2019de Ba\u015fkan Akyol g\u00fcven tazeledi"},"content":{"rendered":"<p>Ayd\u0131n\u2019\u0131n Nazilli il\u00e7esinde Elektrik, Elektronik, S\u0131hhi Tesisat, Radyo Tamircili\u011fi, Foto\u011fraf, Klima, Bobinaj ve Benzeri Meslekler Esnaf Odas\u0131\u2019nda esnaf sand\u0131k ba\u015f\u0131na giderken, Mehmet Akyol 301 oyla yeniden ba\u015fkan se\u00e7ildi.<\/p>\n<p>Nazilli Elektrik, Elektronik, S\u0131hhi Tesisat, Radyo Tamircili\u011fi, Foto\u011fraf, Klima, Bobinaj ve Benzeri Meslekler Esnaf Odas\u0131\u2019nda kongre heyecan\u0131 ya\u015fand\u0131. Nazilli Sanayi Sitesi Kooperatifi Sosyal Tesisleri\u2019nde d\u00fczenlenen se\u00e7imde mevcut Ba\u015fkan Mehmet Akyol ile Abdurrahman Yarang\u00fcn\u00fc\u2019n\u00fcn listeleri yar\u0131\u015ft\u0131. Kongrede divan ba\u015fkanl\u0131\u011f\u0131na Ayd\u0131n Esnaf ve Sanatkarlar Odas\u0131 Ba\u015fkan\u0131 Muhammed Ali K\u00fcnk\u00e7\u00fc se\u00e7ildi. Divan\u0131n olu\u015fturulmas\u0131n\u0131n ard\u0131ndan sayg\u0131 duru\u015funda bulunuldu ve \u0130stiklal Mar\u015f\u0131 okundu. Denetim, faaliyet ve mali raporlar\u0131n ibra edilmesinin ard\u0131ndan ba\u015fkan adaylar\u0131 \u00fcyelere hitap etti. Konu\u015fmalar\u0131n tamamlanmas\u0131n\u0131n ard\u0131ndan oy kullanma i\u015flemine ge\u00e7ildi. Se\u00e7imde Mehmet Akyol k\u0131rm\u0131z\u0131, Abdurrahman Yarang\u00fcn\u00fc ise mavi listeyle yar\u0131\u015ft\u0131. Sand\u0131klar saat 17.00 itibar\u0131yla a\u00e7\u0131larak say\u0131m yap\u0131ld\u0131.<\/p>\n<p>Yap\u0131lan say\u0131m sonucunda Mehmet Akyol 301, Abdurrahman Yarang\u00fcn\u00fc ise 279 oy ald\u0131. Se\u00e7imi az farkla kazanan Mehmet Akyol yeniden se\u00e7ildi.<br \/><\/p>\n","protected":false},"excerpt":{"rendered":"<p>Ayd\u0131n\u2019\u0131n Nazilli il\u00e7esinde Elektrik, Elektronik, S\u0131hhi Tesisat, Radyo Tamircili\u011fi, Foto\u011fraf, Klima, Bobinaj ve Benzeri Meslekler Esnaf Odas\u0131\u2019nda esnaf sand\u0131k ba\u015f\u0131na giderken, Mehmet Akyol 301 oyla yeniden ba\u015fkan se\u00e7ildi. Nazilli Elektrik, Elektronik, S\u0131hhi Tesisat, Radyo Tamircili\u011fi, Foto\u011fraf, Klima, Bobinaj ve Benzeri Meslekler Esnaf Odas\u0131\u2019nda kongre heyecan\u0131 ya\u015fand\u0131. Nazilli Sanayi Sitesi Kooperatifi Sosyal Tesisleri\u2019nde d\u00fczenlenen se\u00e7imde mevcut&#8230;<\/p>\n","protected":false},"author":1,"featured_media":81588,"comment_status":"open","ping_status":"open","sticky":false,"template":"","format":"standard","meta":{"_crdt_document":"","footnotes":""},"categories":[1],"tags":[],"class_list":["post-81587","post","type-post","status-publish","format-standard","has-post-thumbnail","hentry","category-guncel"],"_links":{"self":[{"href":"https:\/\/www.egemtv.com\/index.php?rest_route=\/wp\/v2\/posts\/81587","targetHints":{"allow":["GET"]}}],"collection":[{"href":"https:\/\/www.egemtv.com\/index.php?rest_route=\/wp\/v2\/posts"}],"about":[{"href":"https:\/\/www.egemtv.com\/index.php?rest_route=\/wp\/v2\/types\/post"}],"author":[{"embeddable":true,"href":"https:\/\/www.egemtv.com\/index.php?rest_route=\/wp\/v2\/users\/1"}],"replies":[{"embeddable":true,"href":"https:\/\/www.egemtv.com\/index.php?rest_route=%2Fwp%2Fv2%2Fcomments&post=81587"}],"version-history":[{"count":1,"href":"https:\/\/www.egemtv.com\/index.php?rest_route=\/wp\/v2\/posts\/81587\/revisions"}],"predecessor-version":[{"id":81589,"href":"https:\/\/www.egemtv.com\/index.php?rest_route=\/wp\/v2\/posts\/81587\/revisions\/81589"}],"wp:featuredmedia":[{"embeddable":true,"href":"https:\/\/www.egemtv.com\/index.php?rest_route=\/wp\/v2\/media\/81588"}],"wp:attachment":[{"href":"https:\/\/www.egemtv.com\/index.php?rest_route=%2Fwp%2Fv2%2Fmedia&parent=81587"}],"wp:term":[{"taxonomy":"category","embeddable":true,"href":"https:\/\/www.egemtv.com\/index.php?rest_route=%2Fwp%2Fv2%2Fcategories&post=81587"},{"taxonomy":"post_tag","embeddable":true,"href":"https:\/\/www.egemtv.com\/index.php?rest_route=%2Fwp%2Fv2%2Ftags&post=81587"}],"curies":[{"name":"wp","href":"https:\/\/api.w.org\/{rel}","templated":true}]}}