{"id":81584,"date":"2026-01-18T18:36:33","date_gmt":"2026-01-18T15:36:33","guid":{"rendered":"https:\/\/www.egemtv.com\/?p=81584"},"modified":"2026-01-18T18:36:33","modified_gmt":"2026-01-18T15:36:33","slug":"kar-yagmayan-ilcede-cocuklara-kar-surprizi","status":"publish","type":"post","link":"https:\/\/www.egemtv.com\/?p=81584","title":{"rendered":"Kar ya\u011fmayan il\u00e7ede \u00e7ocuklara kar s\u00fcrprizi"},"content":{"rendered":"<p>Manisa\u2019n\u0131n Ala\u015fehir il\u00e7esinde yar\u0131y\u0131l tatiline giren \u00e7ocuklar i\u00e7in belediye taraf\u0131ndan kar s\u00fcrprizi yap\u0131ld\u0131. \u0130l\u00e7e merkezine uzun y\u0131llard\u0131r kar ya\u011fmamas\u0131 nedeniyle karla bulu\u015famayan \u00e7ocuklar, da\u011fl\u0131k alandan getirilen karla doyas\u0131ya e\u011flendi.<br \/>\n<br \/>Ala\u015fehir Belediyesi taraf\u0131ndan k\u0131rsal Da\u011fhac\u0131yusuf Mahallesi mevkiinden getirilen 5 kamyon kar, Cumhuriyet ve Demokrasi Meydan\u0131\u2019na d\u00f6k\u00fcld\u00fc. Meydan k\u0131sa s\u00fcrede adeta kayak merkezine d\u00f6nerken, kar kamyonlar\u0131n\u0131n meydana girmesiyle birlikte \u00e7ocuklar, aileleri ile birlikte alana ak\u0131n etti. Meydanda kar topu oynayan, kayan ve kardan adam yapan \u00e7ocuklar, karla bulu\u015fman\u0131n sevincini ya\u015fad\u0131. Etkinlik \u00f6ncesinde kardan adam yapmak isteyen \u00e7ocuklar i\u00e7in havu\u00e7 ve k\u00f6m\u00fcr haz\u0131rlan\u0131rken, uzun y\u0131llard\u0131r il\u00e7e merkezinde kar g\u00f6rmeyen Ala\u015fehirli \u00e7ocuklar ve aileleri unutulmaz bir g\u00fcn ya\u015fad\u0131. Kar kamyonlar\u0131n\u0131n gelmesini meydanda bekleyen Ala\u015fehir Belediye Ba\u015fkan\u0131 Ahmet \u00d6k\u00fczc\u00fco\u011flu\u2019nun etraf\u0131n\u0131 saran \u00e7ocuklar, ba\u015fkana sar\u0131larak te\u015fekk\u00fcr etti. Veliler ise, &#8220;Kar ya\u011fmazsa kar\u0131 aya\u011f\u0131m\u0131za getirenlere te\u015fekk\u00fcr ediyoruz&#8221; diyerek memnuniyetlerini dile getirdi. Baz\u0131 veliler, etkinli\u011fin tekrarlanmas\u0131n\u0131 ve daha fazla kar getirilmesini istedi.<br \/>\n<br \/>Belediye Ba\u015fkan\u0131 Ahmet \u00d6k\u00fczc\u00fco\u011flu, &#8220;Ala\u015fehir merkez ve ova mahallelerimize iklim \u015fartlar\u0131 nedeniyle genellikle kar ya\u011fm\u0131yor. \u00c7ocuklar\u0131m\u0131z\u0131n ve vatanda\u015flar\u0131m\u0131z\u0131n bu \u00f6zlemini gidermek i\u00e7in da\u011flarda ya\u011fan kar\u0131 meydan\u0131m\u0131za getirdik. Daha \u00f6nce de benzer bir etkinlik yapm\u0131\u015ft\u0131k ve yo\u011fun ilgi g\u00f6rm\u00fc\u015ft\u00fck. Bu y\u0131l da be\u015f kamyon kar getirerek \u00e7ocuklar\u0131m\u0131z\u0131n kar topu oynamas\u0131n\u0131, kardan adam yapmas\u0131n\u0131 sa\u011flad\u0131k. \u00c7ocuklar\u0131m\u0131z\u0131n y\u00fcz\u00fcn\u00fcn g\u00fclmesi bizim i\u00e7in \u00e7ok k\u0131ymetli. Onlar g\u00fcls\u00fcn, biz mutlu olal\u0131m&#8221; dedi.<br \/><\/p>\n","protected":false},"excerpt":{"rendered":"<p>Manisa\u2019n\u0131n Ala\u015fehir il\u00e7esinde yar\u0131y\u0131l tatiline giren \u00e7ocuklar i\u00e7in belediye taraf\u0131ndan kar s\u00fcrprizi yap\u0131ld\u0131. \u0130l\u00e7e merkezine uzun y\u0131llard\u0131r kar ya\u011fmamas\u0131 nedeniyle karla bulu\u015famayan \u00e7ocuklar, da\u011fl\u0131k alandan getirilen karla doyas\u0131ya e\u011flendi. Ala\u015fehir Belediyesi taraf\u0131ndan k\u0131rsal Da\u011fhac\u0131yusuf Mahallesi mevkiinden getirilen 5 kamyon kar, Cumhuriyet ve Demokrasi Meydan\u0131\u2019na d\u00f6k\u00fcld\u00fc. Meydan k\u0131sa s\u00fcrede adeta kayak merkezine d\u00f6nerken, kar kamyonlar\u0131n\u0131n meydana&#8230;<\/p>\n","protected":false},"author":1,"featured_media":81585,"comment_status":"open","ping_status":"open","sticky":false,"template":"","format":"standard","meta":{"_crdt_document":"","footnotes":""},"categories":[1],"tags":[],"class_list":["post-81584","post","type-post","status-publish","format-standard","has-post-thumbnail","hentry","category-guncel"],"_links":{"self":[{"href":"https:\/\/www.egemtv.com\/index.php?rest_route=\/wp\/v2\/posts\/81584","targetHints":{"allow":["GET"]}}],"collection":[{"href":"https:\/\/www.egemtv.com\/index.php?rest_route=\/wp\/v2\/posts"}],"about":[{"href":"https:\/\/www.egemtv.com\/index.php?rest_route=\/wp\/v2\/types\/post"}],"author":[{"embeddable":true,"href":"https:\/\/www.egemtv.com\/index.php?rest_route=\/wp\/v2\/users\/1"}],"replies":[{"embeddable":true,"href":"https:\/\/www.egemtv.com\/index.php?rest_route=%2Fwp%2Fv2%2Fcomments&post=81584"}],"version-history":[{"count":1,"href":"https:\/\/www.egemtv.com\/index.php?rest_route=\/wp\/v2\/posts\/81584\/revisions"}],"predecessor-version":[{"id":81586,"href":"https:\/\/www.egemtv.com\/index.php?rest_route=\/wp\/v2\/posts\/81584\/revisions\/81586"}],"wp:featuredmedia":[{"embeddable":true,"href":"https:\/\/www.egemtv.com\/index.php?rest_route=\/wp\/v2\/media\/81585"}],"wp:attachment":[{"href":"https:\/\/www.egemtv.com\/index.php?rest_route=%2Fwp%2Fv2%2Fmedia&parent=81584"}],"wp:term":[{"taxonomy":"category","embeddable":true,"href":"https:\/\/www.egemtv.com\/index.php?rest_route=%2Fwp%2Fv2%2Fcategories&post=81584"},{"taxonomy":"post_tag","embeddable":true,"href":"https:\/\/www.egemtv.com\/index.php?rest_route=%2Fwp%2Fv2%2Ftags&post=81584"}],"curies":[{"name":"wp","href":"https:\/\/api.w.org\/{rel}","templated":true}]}}