{"id":81581,"date":"2026-01-18T18:36:32","date_gmt":"2026-01-18T15:36:32","guid":{"rendered":"https:\/\/www.egemtv.com\/?p=81581"},"modified":"2026-01-18T18:36:33","modified_gmt":"2026-01-18T15:36:33","slug":"bodrumda-3-ton-hamsi-pisirilerek-dagitildi","status":"publish","type":"post","link":"https:\/\/www.egemtv.com\/?p=81581","title":{"rendered":"Bodrum\u2019da 3 ton hamsi pi\u015firilerek da\u011f\u0131t\u0131ld\u0131"},"content":{"rendered":"<p>Mu\u011fla\u2019n\u0131n Bodrum il\u00e7esinde 10\u2019uncu kez d\u00fczenlenen Hamsi Festivali, binlerce ki\u015finin kat\u0131l\u0131m\u0131yla yap\u0131ld\u0131. Festivalde 3 ton hamsi pi\u015firilerek da\u011f\u0131t\u0131ld\u0131.<\/p>\n<p>Bodrum Yar\u0131mada Karadenizliler K\u00fclt\u00fcr ve Dayan\u0131\u015fma Derne\u011fi taraf\u0131ndan geleneksel hale getirilen Bodrum Hamsi Festivali, \u0130skele Meydan\u0131\u2019nda d\u00fczenlendi. \u00d6\u011fle saatlerine do\u011fru ba\u015flayan festival her y\u0131l oldu\u011fu gibi renkli g\u00f6r\u00fcnt\u00fclere sahne oldu. Binlerce ki\u015finin kat\u0131ld\u0131\u011f\u0131 festivalde 3 ton hamsi tavalarda m\u0131s\u0131r unuyla pi\u015firilerek vatanda\u015flara da\u011f\u0131t\u0131ld\u0131. Hamsi almak isteyen vatanda\u015flar, 100 metreyi a\u015fan kuyruk olu\u015fturdu. Bodrum Belediye Ba\u015fkan\u0131 Tamer Mandalinci vatanda\u015flara ekmek aras\u0131 hamsi da\u011f\u0131tt\u0131.<\/p>\n<p>Murat Kurt\u2019un sundu\u011fu festivalde Ceren Ece, Din\u00e7er, Nihat Y\u0131lmaz, Mehmet Ba\u015fkan, Emre Yetimo\u011flu ve S\u00fcleyman G\u00fclten \u015fark\u0131lar\u0131 ve ezgileriyle unutulmaz anlar ya\u015fatt\u0131. Festival alan\u0131nda Karadeniz ezgileriyle horon oynand\u0131. Her ya\u015ftan vatanda\u015f, horona e\u015flik ederek g\u00fczel bir g\u00fcn ge\u00e7irdi. Kurulan stantlarda Karadeniz\u2019e \u00f6zg\u00fc \u00fcr\u00fcnlerin sat\u0131\u015f\u0131 yap\u0131ld\u0131.<\/p>\n<p>Bodrum Yar\u0131mada Karadenizliler K\u00fclt\u00fcr ve Dayan\u0131\u015fma Derne\u011fi Ba\u015fkan\u0131 Sefer \u00c7elik ile Dernek S\u00f6zc\u00fcs\u00fc Yener \u00c7elik, festivale kat\u0131lan ve emek veren herkese te\u015fekk\u00fcr etti.<\/p>\n<p>Ba\u015fkan Mandalinci\u2019den Karadeniz \u015fivesi<br \/>\n<br \/>Bodrum Belediye Ba\u015fkan\u0131 Tamer Mandalinci ise konu\u015fmas\u0131n\u0131n bir b\u00f6l\u00fcm\u00fcn\u00fc Karadeniz \u015fivesiyle yapt\u0131. Festivalin karde\u015flik, birlik ve beraberli\u011fi peki\u015ftirdi\u011fine vurgu yapan Mandalinci, &#8220;T\u00fcrkiye\u2019min 7 b\u00f6lgesi, b\u00fct\u00fcn gelece\u011fimiz ve gelene\u011fimizle, \u00f6rf\u00fcm\u00fczle, adetimizle bir b\u00fct\u00fcn\u00fcz bir mozai\u011fiz. Bu alanda, Bodrum\u2019da bu mozai\u011fin yans\u0131mas\u0131n\u0131 g\u00f6r\u00fcyoruz. Bodrum Belediyesi olarak k\u00fclt\u00fcrlerin ya\u015fat\u0131lmas\u0131, dayan\u0131\u015fman\u0131n artmas\u0131 insanlar\u0131n birbiriyle karde\u015f\u00e7e, dost\u00e7a, bar\u0131\u015f i\u00e7erisinde s\u00fckunetle ya\u015famas\u0131 i\u00e7in elimizden gelen b\u00fct\u00fcn \u00e7abay\u0131 sergiledik, sergilemeye devam edece\u011fiz&#8221; ifadelerini kulland\u0131.<\/p>\n<p>Ba\u015fkan Mandalinci\u2019ye dernek y\u00f6netimi taraf\u0131ndan Trabzonspor formas\u0131 hediye edildi.<\/p>\n<p>Bodrum Kaymakam\u0131 Ali S\u0131rmal\u0131 ise &#8220;Bu t\u00fcr festivaller \u00f6zellikle hem\u015fericilik ruhunun geli\u015fmesi anlam\u0131nda birlik, beraberli\u011fin peki\u015fmesi anlam\u0131nda, toplumsal dayan\u0131\u015fman\u0131n artmas\u0131 anlam\u0131nda ve k\u00fclt\u00fcrel birlikteli\u011fin sa\u011flanmas\u0131 anlam\u0131nda b\u00fcy\u00fck katk\u0131 sa\u011flad\u0131\u011f\u0131n\u0131 d\u00fc\u015f\u00fcn\u00fcyorum&#8221; diye konu\u015ftu.<br \/><\/p>\n","protected":false},"excerpt":{"rendered":"<p>Mu\u011fla\u2019n\u0131n Bodrum il\u00e7esinde 10\u2019uncu kez d\u00fczenlenen Hamsi Festivali, binlerce ki\u015finin kat\u0131l\u0131m\u0131yla yap\u0131ld\u0131. Festivalde 3 ton hamsi pi\u015firilerek da\u011f\u0131t\u0131ld\u0131. Bodrum Yar\u0131mada Karadenizliler K\u00fclt\u00fcr ve Dayan\u0131\u015fma Derne\u011fi taraf\u0131ndan geleneksel hale getirilen Bodrum Hamsi Festivali, \u0130skele Meydan\u0131\u2019nda d\u00fczenlendi. \u00d6\u011fle saatlerine do\u011fru ba\u015flayan festival her y\u0131l oldu\u011fu gibi renkli g\u00f6r\u00fcnt\u00fclere sahne oldu. Binlerce ki\u015finin kat\u0131ld\u0131\u011f\u0131 festivalde 3 ton hamsi&#8230;<\/p>\n","protected":false},"author":1,"featured_media":81582,"comment_status":"open","ping_status":"open","sticky":false,"template":"","format":"standard","meta":{"_crdt_document":"","footnotes":""},"categories":[1],"tags":[],"class_list":["post-81581","post","type-post","status-publish","format-standard","has-post-thumbnail","hentry","category-guncel"],"_links":{"self":[{"href":"https:\/\/www.egemtv.com\/index.php?rest_route=\/wp\/v2\/posts\/81581","targetHints":{"allow":["GET"]}}],"collection":[{"href":"https:\/\/www.egemtv.com\/index.php?rest_route=\/wp\/v2\/posts"}],"about":[{"href":"https:\/\/www.egemtv.com\/index.php?rest_route=\/wp\/v2\/types\/post"}],"author":[{"embeddable":true,"href":"https:\/\/www.egemtv.com\/index.php?rest_route=\/wp\/v2\/users\/1"}],"replies":[{"embeddable":true,"href":"https:\/\/www.egemtv.com\/index.php?rest_route=%2Fwp%2Fv2%2Fcomments&post=81581"}],"version-history":[{"count":1,"href":"https:\/\/www.egemtv.com\/index.php?rest_route=\/wp\/v2\/posts\/81581\/revisions"}],"predecessor-version":[{"id":81583,"href":"https:\/\/www.egemtv.com\/index.php?rest_route=\/wp\/v2\/posts\/81581\/revisions\/81583"}],"wp:featuredmedia":[{"embeddable":true,"href":"https:\/\/www.egemtv.com\/index.php?rest_route=\/wp\/v2\/media\/81582"}],"wp:attachment":[{"href":"https:\/\/www.egemtv.com\/index.php?rest_route=%2Fwp%2Fv2%2Fmedia&parent=81581"}],"wp:term":[{"taxonomy":"category","embeddable":true,"href":"https:\/\/www.egemtv.com\/index.php?rest_route=%2Fwp%2Fv2%2Fcategories&post=81581"},{"taxonomy":"post_tag","embeddable":true,"href":"https:\/\/www.egemtv.com\/index.php?rest_route=%2Fwp%2Fv2%2Ftags&post=81581"}],"curies":[{"name":"wp","href":"https:\/\/api.w.org\/{rel}","templated":true}]}}