{"id":81578,"date":"2026-01-18T18:14:58","date_gmt":"2026-01-18T15:14:58","guid":{"rendered":"https:\/\/www.egemtv.com\/?p=81578"},"modified":"2026-01-18T18:14:58","modified_gmt":"2026-01-18T15:14:58","slug":"rasmus-ankersen-istedigimiz-oyunculari-kadromuza-kattik","status":"publish","type":"post","link":"https:\/\/www.egemtv.com\/?p=81578","title":{"rendered":"Rasmus Ankersen: &#8220;\u0130stedi\u011fimiz oyuncular\u0131 kadromuza katt\u0131k&#8221;"},"content":{"rendered":"<p>G\u00f6ztepe Ba\u015fkan\u0131 Rasmus Ankersen, ara d\u00f6nemle ilgili a\u00e7\u0131klamalarda bulunarak, &#8220;Sezonun ilk yar\u0131s\u0131 harikayd\u0131. Puan tablosunda d\u00f6rd\u00fcnc\u00fc s\u0131raday\u0131z. Tak\u0131m, ara d\u00f6nemde iyi bir haz\u0131rl\u0131k s\u00fcreci ge\u00e7irdi, \u0130stedi\u011fimiz yeni oyuncular\u0131 kadromuza katt\u0131k ve en y\u00fcksek verimi almak i\u00e7in onlar\u0131 sezonun ba\u015f\u0131nda tak\u0131ma dahil ettik&#8221; ifadelerini kulland\u0131.<br \/>\n<br \/>G\u00f6ztepe Ba\u015fkan\u0131 Rasmus Ankersen, sezonun ilk yar\u0131s\u0131na ve ara transfer d\u00f6nemine dair kul\u00fcb\u00fcn sosyal medya hesab\u0131ndan a\u00e7\u0131klamalarda bulundu. Yapt\u0131\u011f\u0131 a\u00e7\u0131klamayla camiaya seslenen Ankersen, &#8220;Sezonun ilk yar\u0131s\u0131 harikayd\u0131. Puan tablosunda d\u00f6rd\u00fcnc\u00fc s\u0131raday\u0131z. Tak\u0131m, ara d\u00f6nemde iyi bir haz\u0131rl\u0131k s\u00fcreci ge\u00e7irdi. \u0130stedi\u011fimiz yeni oyuncular\u0131 kadromuza katt\u0131k ve en y\u00fcksek verimi almak i\u00e7in onlar\u0131 sezonun ba\u015f\u0131nda tak\u0131ma dahil ettik. Bence sezonun ikinci yar\u0131s\u0131 i\u00e7in sald\u0131rmaya haz\u0131r\u0131z. Ortak bir hedefimiz var; Avrupa\u2019ya gitme hakk\u0131n\u0131 kazanmak i\u00e7in m\u00fccadele edece\u011fiz. Kolay olmayacak. Yolda baz\u0131 engellerle kar\u015f\u0131la\u015faca\u011f\u0131z. \u00d6nemli olan, sezonun ikinci b\u00f6l\u00fcm\u00fcne, son birka\u00e7 y\u0131ld\u0131r hissetti\u011fimiz ve g\u00f6sterdi\u011fimiz birliktelik ruhuyla ba\u015flamam\u0131z. Birlikte pek \u00e7ok \u00f6nemli an\u0131 payla\u015ft\u0131k. Uzun y\u0131llardan sonra ilk kupa yar\u0131 finalinden, Romulo\u2019nun sat\u0131\u015f\u0131na kadar&#8230; G\u00f6ztepe\u2019yi ger\u00e7ekten sayg\u0131 duyulan ve g\u00fcvenebilece\u011finiz bir kul\u00fcp haline getirmek i\u00e7in \u00e7al\u0131\u015ft\u0131k. Ama ger\u00e7ekten akl\u0131ma gelen ki\u015fisel bir d\u00f6n\u00fcm noktas\u0131, ge\u00e7en sezon kazanmadan ge\u00e7ti\u011fimiz 11 ma\u00e7 ve o zorlu d\u00f6nemde taraftarlar, oyuncular ve teknik ekip aras\u0131nda hissetti\u011fim birliktelik ruhudur. O birliktelik, ba\u015far\u0131n\u0131n anahtar\u0131 olacak. T\u00fcm G\u00f6ztepe taraftarlar\u0131na sesleniyorum: Sezonun ikinci b\u00f6l\u00fcm\u00fcne bu birliktelik ruhuyla sald\u0131r\u0131n! \u00c7\u00fcnk\u00fc bunu yaparsak, istedi\u011fimiz hedeflere ula\u015fma konusunda \u00e7ok g\u00fc\u00e7l\u00fc bir \u015fans\u0131m\u0131z\u0131n olaca\u011f\u0131n\u0131 d\u00fc\u015f\u00fcn\u00fcyorum. Herkese bol \u015fans diliyorum ve Pazartesi ak\u015fam\u0131 stadyumda sizi g\u00f6rmeyi d\u00f6rt g\u00f6zle bekliyorum&#8221; ifadelerini kulland\u0131.<br \/><\/p>\n","protected":false},"excerpt":{"rendered":"<p>G\u00f6ztepe Ba\u015fkan\u0131 Rasmus Ankersen, ara d\u00f6nemle ilgili a\u00e7\u0131klamalarda bulunarak, &#8220;Sezonun ilk yar\u0131s\u0131 harikayd\u0131. Puan tablosunda d\u00f6rd\u00fcnc\u00fc s\u0131raday\u0131z. Tak\u0131m, ara d\u00f6nemde iyi bir haz\u0131rl\u0131k s\u00fcreci ge\u00e7irdi, \u0130stedi\u011fimiz yeni oyuncular\u0131 kadromuza katt\u0131k ve en y\u00fcksek verimi almak i\u00e7in onlar\u0131 sezonun ba\u015f\u0131nda tak\u0131ma dahil ettik&#8221; ifadelerini kulland\u0131. G\u00f6ztepe Ba\u015fkan\u0131 Rasmus Ankersen, sezonun ilk yar\u0131s\u0131na ve ara transfer d\u00f6nemine&#8230;<\/p>\n","protected":false},"author":1,"featured_media":81579,"comment_status":"open","ping_status":"open","sticky":false,"template":"","format":"standard","meta":{"_crdt_document":"","footnotes":""},"categories":[4],"tags":[],"class_list":["post-81578","post","type-post","status-publish","format-standard","has-post-thumbnail","hentry","category-spor"],"_links":{"self":[{"href":"https:\/\/www.egemtv.com\/index.php?rest_route=\/wp\/v2\/posts\/81578","targetHints":{"allow":["GET"]}}],"collection":[{"href":"https:\/\/www.egemtv.com\/index.php?rest_route=\/wp\/v2\/posts"}],"about":[{"href":"https:\/\/www.egemtv.com\/index.php?rest_route=\/wp\/v2\/types\/post"}],"author":[{"embeddable":true,"href":"https:\/\/www.egemtv.com\/index.php?rest_route=\/wp\/v2\/users\/1"}],"replies":[{"embeddable":true,"href":"https:\/\/www.egemtv.com\/index.php?rest_route=%2Fwp%2Fv2%2Fcomments&post=81578"}],"version-history":[{"count":1,"href":"https:\/\/www.egemtv.com\/index.php?rest_route=\/wp\/v2\/posts\/81578\/revisions"}],"predecessor-version":[{"id":81580,"href":"https:\/\/www.egemtv.com\/index.php?rest_route=\/wp\/v2\/posts\/81578\/revisions\/81580"}],"wp:featuredmedia":[{"embeddable":true,"href":"https:\/\/www.egemtv.com\/index.php?rest_route=\/wp\/v2\/media\/81579"}],"wp:attachment":[{"href":"https:\/\/www.egemtv.com\/index.php?rest_route=%2Fwp%2Fv2%2Fmedia&parent=81578"}],"wp:term":[{"taxonomy":"category","embeddable":true,"href":"https:\/\/www.egemtv.com\/index.php?rest_route=%2Fwp%2Fv2%2Fcategories&post=81578"},{"taxonomy":"post_tag","embeddable":true,"href":"https:\/\/www.egemtv.com\/index.php?rest_route=%2Fwp%2Fv2%2Ftags&post=81578"}],"curies":[{"name":"wp","href":"https:\/\/api.w.org\/{rel}","templated":true}]}}