{"id":81464,"date":"2026-01-17T22:14:45","date_gmt":"2026-01-17T19:14:45","guid":{"rendered":"https:\/\/www.egemtv.com\/?p=81464"},"modified":"2026-01-17T22:14:46","modified_gmt":"2026-01-17T19:14:46","slug":"muglada-jandarma-uzman-cavus-evinde-olu-bulundu","status":"publish","type":"post","link":"https:\/\/www.egemtv.com\/?p=81464","title":{"rendered":"Mu\u011fla\u2019da jandarma uzman \u00e7avu\u015f evinde \u00f6l\u00fc bulundu"},"content":{"rendered":"<p>Mu\u011fla\u2019n\u0131n Mente\u015fe il\u00e7esinde kendisinden haber al\u0131namayan jandarma uzman \u00e7avu\u015f, evinde \u00f6l\u00fc bulundu.<br \/>\n<br \/>Olay, Mente\u015fe il\u00e7esi Yenik\u00f6y Mahallesi\u2019nde 485 Sokak \u00fczerinde meydana geldi. Edinilen bilgiye g\u00f6re Mu\u011fla\u2019da g\u00f6rev yapan jandarma personeli A.Z.Y.\u2019ye ula\u015famayan arkada\u015flar\u0131 durumdan \u015f\u00fcphelenerek evine gitti. A.Z.Y.\u2019nin kap\u0131y\u0131 a\u00e7mamas\u0131 \u00fczerine arkada\u015flar\u0131 durumu vakit kaybetmeden 112 Acil \u00c7a\u011fr\u0131 Merkezi\u2019ne bildirdi. \u0130hbar \u00fczerine b\u00f6lgeye polis ve sa\u011fl\u0131k ekipleri sevk edildi. Olay yerine ula\u015fan polis ekipleri, kap\u0131n\u0131n a\u00e7\u0131lmamas\u0131 \u00fczerine Mu\u011fla B\u00fcy\u00fck\u015fehir Belediyesi \u0130tfaiye Daire Ba\u015fkanl\u0131\u011f\u0131 ekiplerinden yard\u0131m istedi. \u0130tfaiye merdiveni yard\u0131m\u0131yla balkondan i\u00e7eri giren ekipler, Jandarma Uzman \u00c7avu\u015f A.Z.Y.\u2019nin hareketsiz bedeniyle kar\u015f\u0131la\u015ft\u0131. Sa\u011fl\u0131k ekiplerince yap\u0131lan kontrollerde A.Z.Y.\u2019nin hayat\u0131n\u0131 kaybetti\u011fi belirlendi. Olay\u0131n ard\u0131ndan b\u00f6lgeye \u00e7ok say\u0131da polis ekibi, olay yeri inceleme uzmanlar\u0131 ve n\u00f6bet\u00e7i savc\u0131 sevk edildi. Yap\u0131lan ilk incelemelerin ard\u0131ndan A.Z.Y.\u2019nin cans\u0131z bedeni, kesin \u00f6l\u00fcm nedeninin belirlenmesi amac\u0131yla otopsi yap\u0131lmak \u00fczere Mu\u011fla Yerkesik Adli T\u0131p Kurumu\u2019na g\u00f6nderildi. Olayla ilgili geni\u015f \u00e7apl\u0131 soru\u015fturma ba\u015flat\u0131ld\u0131.<br \/><\/p>\n","protected":false},"excerpt":{"rendered":"<p>Mu\u011fla\u2019n\u0131n Mente\u015fe il\u00e7esinde kendisinden haber al\u0131namayan jandarma uzman \u00e7avu\u015f, evinde \u00f6l\u00fc bulundu. Olay, Mente\u015fe il\u00e7esi Yenik\u00f6y Mahallesi\u2019nde 485 Sokak \u00fczerinde meydana geldi. Edinilen bilgiye g\u00f6re Mu\u011fla\u2019da g\u00f6rev yapan jandarma personeli A.Z.Y.\u2019ye ula\u015famayan arkada\u015flar\u0131 durumdan \u015f\u00fcphelenerek evine gitti. A.Z.Y.\u2019nin kap\u0131y\u0131 a\u00e7mamas\u0131 \u00fczerine arkada\u015flar\u0131 durumu vakit kaybetmeden 112 Acil \u00c7a\u011fr\u0131 Merkezi\u2019ne bildirdi. \u0130hbar \u00fczerine b\u00f6lgeye polis ve&#8230;<\/p>\n","protected":false},"author":1,"featured_media":81465,"comment_status":"open","ping_status":"open","sticky":false,"template":"","format":"standard","meta":{"_crdt_document":"","footnotes":""},"categories":[5],"tags":[],"class_list":["post-81464","post","type-post","status-publish","format-standard","has-post-thumbnail","hentry","category-asayis"],"_links":{"self":[{"href":"https:\/\/www.egemtv.com\/index.php?rest_route=\/wp\/v2\/posts\/81464","targetHints":{"allow":["GET"]}}],"collection":[{"href":"https:\/\/www.egemtv.com\/index.php?rest_route=\/wp\/v2\/posts"}],"about":[{"href":"https:\/\/www.egemtv.com\/index.php?rest_route=\/wp\/v2\/types\/post"}],"author":[{"embeddable":true,"href":"https:\/\/www.egemtv.com\/index.php?rest_route=\/wp\/v2\/users\/1"}],"replies":[{"embeddable":true,"href":"https:\/\/www.egemtv.com\/index.php?rest_route=%2Fwp%2Fv2%2Fcomments&post=81464"}],"version-history":[{"count":1,"href":"https:\/\/www.egemtv.com\/index.php?rest_route=\/wp\/v2\/posts\/81464\/revisions"}],"predecessor-version":[{"id":81466,"href":"https:\/\/www.egemtv.com\/index.php?rest_route=\/wp\/v2\/posts\/81464\/revisions\/81466"}],"wp:featuredmedia":[{"embeddable":true,"href":"https:\/\/www.egemtv.com\/index.php?rest_route=\/wp\/v2\/media\/81465"}],"wp:attachment":[{"href":"https:\/\/www.egemtv.com\/index.php?rest_route=%2Fwp%2Fv2%2Fmedia&parent=81464"}],"wp:term":[{"taxonomy":"category","embeddable":true,"href":"https:\/\/www.egemtv.com\/index.php?rest_route=%2Fwp%2Fv2%2Fcategories&post=81464"},{"taxonomy":"post_tag","embeddable":true,"href":"https:\/\/www.egemtv.com\/index.php?rest_route=%2Fwp%2Fv2%2Ftags&post=81464"}],"curies":[{"name":"wp","href":"https:\/\/api.w.org\/{rel}","templated":true}]}}