{"id":81461,"date":"2026-01-17T21:34:34","date_gmt":"2026-01-17T18:34:34","guid":{"rendered":"https:\/\/www.egemtv.com\/?p=81461"},"modified":"2026-01-17T21:34:35","modified_gmt":"2026-01-17T18:34:35","slug":"miyc-kis-trofesinin-ilk-ayaginin-ilk-gunu-tamamlandi","status":"publish","type":"post","link":"https:\/\/www.egemtv.com\/?p=81461","title":{"rendered":"MIYC K\u0131\u015f Trofesi\u2019nin ilk aya\u011f\u0131n\u0131n ilk g\u00fcn\u00fc tamamland\u0131"},"content":{"rendered":"<p>Mu\u011fla\u2019n\u0131n Marmaris il\u00e7esinde k\u0131\u015f yelken yar\u0131\u015flar\u0131n\u0131n en b\u00fcy\u00fc\u011f\u00fc olarak belirtilen ve Uluslararas\u0131 Marmaris Yat Spor Kul\u00fcb\u00fc (MIYC) taraf\u0131ndan bu y\u0131l 17\u2019ncisi d\u00fczenlenen K\u0131\u015f Trofesi\u2019nin ilk aya\u011f\u0131n\u0131n ilk g\u00fcn\u00fc bug\u00fcn tamamland\u0131.<\/p>\n<p>Alt\u0131 ayaktan olu\u015fan trofede, T\u00fcrkiye, Rusya, Beyaz Rusya, Ukrayna, Yunanistan, Norve\u00e7, Slovakya, Estonya, Fransa ve Almanya\u2019dan 300\u2019\u00fc a\u015fk\u0131n yelken sporcusu, 41 tekneyle Marmaris\u2019in mavi sular\u0131nda k\u0131yas\u0131ya m\u00fccadele ediyor. K\u0131\u015f Trofesi\u2019nin ilk aya\u011f\u0131n\u0131n ilk g\u00fcn\u00fcnde Marmaris Liman\u0131\u2019ndan ayr\u0131lan tekneler, \u0131s\u0131nma turlar\u0131n\u0131n ard\u0131ndan Marmaris K\u00f6rfezi\u2019nde hakem d\u00fcd\u00fc\u011f\u00fcyle ba\u015flayan iki yar\u0131\u015f yapt\u0131. K\u0131rm\u0131z\u0131, mavi ve pembe olmak \u00fczere \u00fc\u00e7 kategoriye ayr\u0131lan 41 tekne aras\u0131nda ilk aya\u011f\u0131n sonunda dereceye giren ekipler, \u00f6d\u00fcllerini 7-8 \u015eubat tarihlerinde yap\u0131lacak olan trofenin ikinci aya\u011f\u0131nda alacak.<br \/><\/p>\n","protected":false},"excerpt":{"rendered":"<p>Mu\u011fla\u2019n\u0131n Marmaris il\u00e7esinde k\u0131\u015f yelken yar\u0131\u015flar\u0131n\u0131n en b\u00fcy\u00fc\u011f\u00fc olarak belirtilen ve Uluslararas\u0131 Marmaris Yat Spor Kul\u00fcb\u00fc (MIYC) taraf\u0131ndan bu y\u0131l 17\u2019ncisi d\u00fczenlenen K\u0131\u015f Trofesi\u2019nin ilk aya\u011f\u0131n\u0131n ilk g\u00fcn\u00fc bug\u00fcn tamamland\u0131. Alt\u0131 ayaktan olu\u015fan trofede, T\u00fcrkiye, Rusya, Beyaz Rusya, Ukrayna, Yunanistan, Norve\u00e7, Slovakya, Estonya, Fransa ve Almanya\u2019dan 300\u2019\u00fc a\u015fk\u0131n yelken sporcusu, 41 tekneyle Marmaris\u2019in mavi sular\u0131nda&#8230;<\/p>\n","protected":false},"author":1,"featured_media":81462,"comment_status":"open","ping_status":"open","sticky":false,"template":"","format":"standard","meta":{"_crdt_document":"","footnotes":""},"categories":[4],"tags":[],"class_list":["post-81461","post","type-post","status-publish","format-standard","has-post-thumbnail","hentry","category-spor"],"_links":{"self":[{"href":"https:\/\/www.egemtv.com\/index.php?rest_route=\/wp\/v2\/posts\/81461","targetHints":{"allow":["GET"]}}],"collection":[{"href":"https:\/\/www.egemtv.com\/index.php?rest_route=\/wp\/v2\/posts"}],"about":[{"href":"https:\/\/www.egemtv.com\/index.php?rest_route=\/wp\/v2\/types\/post"}],"author":[{"embeddable":true,"href":"https:\/\/www.egemtv.com\/index.php?rest_route=\/wp\/v2\/users\/1"}],"replies":[{"embeddable":true,"href":"https:\/\/www.egemtv.com\/index.php?rest_route=%2Fwp%2Fv2%2Fcomments&post=81461"}],"version-history":[{"count":1,"href":"https:\/\/www.egemtv.com\/index.php?rest_route=\/wp\/v2\/posts\/81461\/revisions"}],"predecessor-version":[{"id":81463,"href":"https:\/\/www.egemtv.com\/index.php?rest_route=\/wp\/v2\/posts\/81461\/revisions\/81463"}],"wp:featuredmedia":[{"embeddable":true,"href":"https:\/\/www.egemtv.com\/index.php?rest_route=\/wp\/v2\/media\/81462"}],"wp:attachment":[{"href":"https:\/\/www.egemtv.com\/index.php?rest_route=%2Fwp%2Fv2%2Fmedia&parent=81461"}],"wp:term":[{"taxonomy":"category","embeddable":true,"href":"https:\/\/www.egemtv.com\/index.php?rest_route=%2Fwp%2Fv2%2Fcategories&post=81461"},{"taxonomy":"post_tag","embeddable":true,"href":"https:\/\/www.egemtv.com\/index.php?rest_route=%2Fwp%2Fv2%2Ftags&post=81461"}],"curies":[{"name":"wp","href":"https:\/\/api.w.org\/{rel}","templated":true}]}}