{"id":81458,"date":"2026-01-17T21:15:49","date_gmt":"2026-01-17T18:15:49","guid":{"rendered":"https:\/\/www.egemtv.com\/?p=81458"},"modified":"2026-01-17T21:15:50","modified_gmt":"2026-01-17T18:15:50","slug":"datca-kis-yuzme-maratonunda-oduller-sahiplerini-buldu","status":"publish","type":"post","link":"https:\/\/www.egemtv.com\/?p=81458","title":{"rendered":"Dat\u00e7a K\u0131\u015f Y\u00fczme Maratonu\u2019nda \u00f6d\u00fcller sahiplerini buldu"},"content":{"rendered":"<p>Mu\u011fla\u2019n\u0131n Dat\u00e7a il\u00e7esinde bu y\u0131l 20. kez ger\u00e7ekle\u015ftirilen Uluslararas\u0131 A\u00e7\u0131k Deniz K\u0131\u015f Y\u00fczme Maratonu, yo\u011fun kat\u0131l\u0131mla tamamlan\u0131rken, \u00f6d\u00fcller d\u00fczenlenen t\u00f6renlere sahiplerini buldu.<\/p>\n<p>Bu y\u0131l 20. kez d\u00fczenlenen Dat\u00e7a Uluslararas\u0131 A\u00e7\u0131k Deniz K\u0131\u015f Y\u00fczme Maratonu bug\u00fcn ger\u00e7ekle\u015ftirildi. Dat\u00e7a\u2019n\u0131n Kumluk Plaj\u0131\u2019nda ger\u00e7ekle\u015ftirilen maratona, sporcular yo\u011fun kat\u0131l\u0131m g\u00f6sterdi. T\u00fcrkiye dahil 12 \u00fclkeden sporcunun kat\u0131ld\u0131\u011f\u0131 maratonda m\u00fccadele eden y\u00fcz\u00fcc\u00fcler, bu y\u0131l kurakl\u0131\u011fa dikkat \u00e7ekmek i\u00e7in kula\u00e7 att\u0131lar. Yakla\u015f\u0131k 550 sporcunun yer ald\u0131\u011f\u0131 maratonda bin 500 ve 5 bin metre olmak \u00fczere iki farkl\u0131 parkurda m\u00fccadele edildi. G\u00fcn boyu devam eden yar\u0131\u015flar sonunda dereceye giren sporcular i\u00e7in \u00f6d\u00fcl t\u00f6reni d\u00fczenlendi. Dat\u00e7a Yat Liman\u0131\u2019nda d\u00fczenlenen t\u00f6rende Dat\u00e7a Kaymakam\u0131 Murat At\u0131c\u0131, protokol \u00fcyeleriyle birlikte sporculara \u00f6d\u00fcllerini takdim etti.<\/p>\n<p>T\u00f6rende ilk olarak Man\u015f Denizi\u2019ni ge\u00e7erek T\u00fcrkiye\u2019yi ba\u015far\u0131yla temsil eden Yasemin Alt\u0131nta\u015f ve Melisa Uluarslan\u2019a \u00f6d\u00fclleri verildi. Daha sonra Amerika\u2019da bulunan Manhattan Adas\u0131\u2019n\u0131n etraf\u0131n\u0131 21 Eyl\u00fcl 2025 tarihinde botla dola\u015fan Ece Demir\u2019e \u00f6d\u00fcl verildi. Son olarak dereceye giren yar\u0131\u015fmac\u0131lara ya\u015f guruplar\u0131na g\u00f6re \u00f6d\u00fclleri takdim edildi.<\/p>\n<p>\u00d6d\u00fcl t\u00f6reninde konu\u015fan Dat\u00e7a Kaymakam\u0131 Murat At\u0131c\u0131, kat\u0131l\u0131mc\u0131lara te\u015fekk\u00fcr ederek &#8220;\u00d6ncelikle eme\u011fi ge\u00e7en herkese ve t\u00fcm payda\u015flar\u0131m\u0131za te\u015fekk\u00fcr ediyorum. Bug\u00fcn sabah start\u0131 verdikten sonra, Do\u011fu\u2019da, G\u00fcneydo\u011fu\u2019da g\u00f6rev yapan kaymakam arkada\u015flar\u0131m mesaj att\u0131lar. \u2019Biz burada karlar m\u00fccadele ederken, sizler denize giriyorsunuz\u2019 diye. Hepinize te\u015fekk\u00fcr ediyorum. 21. maratonumuza da yine bekliyoruz sizleri. \u0130ki y\u0131l \u00f6nce buraya geldi\u011fimde 200-300 olan yar\u0131\u015fmac\u0131 say\u0131s\u0131, bug\u00fcn 500\u2019\u00fcn \u00fczerine \u00e7\u0131kt\u0131. Her sene kalanarak b\u00fcy\u00fcyoruz. Bug\u00fcn bir \u00f6d\u00fcl t\u00f6reni yap\u0131lacak ama bug\u00fcn denize giren herkes \u00f6d\u00fcle lay\u0131kt\u0131r&#8221; dedi.<br \/><\/p>\n","protected":false},"excerpt":{"rendered":"<p>Mu\u011fla\u2019n\u0131n Dat\u00e7a il\u00e7esinde bu y\u0131l 20. kez ger\u00e7ekle\u015ftirilen Uluslararas\u0131 A\u00e7\u0131k Deniz K\u0131\u015f Y\u00fczme Maratonu, yo\u011fun kat\u0131l\u0131mla tamamlan\u0131rken, \u00f6d\u00fcller d\u00fczenlenen t\u00f6renlere sahiplerini buldu. Bu y\u0131l 20. kez d\u00fczenlenen Dat\u00e7a Uluslararas\u0131 A\u00e7\u0131k Deniz K\u0131\u015f Y\u00fczme Maratonu bug\u00fcn ger\u00e7ekle\u015ftirildi. Dat\u00e7a\u2019n\u0131n Kumluk Plaj\u0131\u2019nda ger\u00e7ekle\u015ftirilen maratona, sporcular yo\u011fun kat\u0131l\u0131m g\u00f6sterdi. T\u00fcrkiye dahil 12 \u00fclkeden sporcunun kat\u0131ld\u0131\u011f\u0131 maratonda m\u00fccadele eden y\u00fcz\u00fcc\u00fcler,&#8230;<\/p>\n","protected":false},"author":1,"featured_media":81459,"comment_status":"open","ping_status":"open","sticky":false,"template":"","format":"standard","meta":{"_crdt_document":"","footnotes":""},"categories":[4],"tags":[],"class_list":["post-81458","post","type-post","status-publish","format-standard","has-post-thumbnail","hentry","category-spor"],"_links":{"self":[{"href":"https:\/\/www.egemtv.com\/index.php?rest_route=\/wp\/v2\/posts\/81458","targetHints":{"allow":["GET"]}}],"collection":[{"href":"https:\/\/www.egemtv.com\/index.php?rest_route=\/wp\/v2\/posts"}],"about":[{"href":"https:\/\/www.egemtv.com\/index.php?rest_route=\/wp\/v2\/types\/post"}],"author":[{"embeddable":true,"href":"https:\/\/www.egemtv.com\/index.php?rest_route=\/wp\/v2\/users\/1"}],"replies":[{"embeddable":true,"href":"https:\/\/www.egemtv.com\/index.php?rest_route=%2Fwp%2Fv2%2Fcomments&post=81458"}],"version-history":[{"count":1,"href":"https:\/\/www.egemtv.com\/index.php?rest_route=\/wp\/v2\/posts\/81458\/revisions"}],"predecessor-version":[{"id":81460,"href":"https:\/\/www.egemtv.com\/index.php?rest_route=\/wp\/v2\/posts\/81458\/revisions\/81460"}],"wp:featuredmedia":[{"embeddable":true,"href":"https:\/\/www.egemtv.com\/index.php?rest_route=\/wp\/v2\/media\/81459"}],"wp:attachment":[{"href":"https:\/\/www.egemtv.com\/index.php?rest_route=%2Fwp%2Fv2%2Fmedia&parent=81458"}],"wp:term":[{"taxonomy":"category","embeddable":true,"href":"https:\/\/www.egemtv.com\/index.php?rest_route=%2Fwp%2Fv2%2Fcategories&post=81458"},{"taxonomy":"post_tag","embeddable":true,"href":"https:\/\/www.egemtv.com\/index.php?rest_route=%2Fwp%2Fv2%2Ftags&post=81458"}],"curies":[{"name":"wp","href":"https:\/\/api.w.org\/{rel}","templated":true}]}}