{"id":81455,"date":"2026-01-17T20:54:51","date_gmt":"2026-01-17T17:54:51","guid":{"rendered":"https:\/\/www.egemtv.com\/?p=81455"},"modified":"2026-01-17T20:54:52","modified_gmt":"2026-01-17T17:54:52","slug":"manisada-34-duzensiz-gocmen-yakalandi","status":"publish","type":"post","link":"https:\/\/www.egemtv.com\/?p=81455","title":{"rendered":"Manisa\u2019da 34 d\u00fczensiz g\u00f6\u00e7men yakaland\u0131"},"content":{"rendered":"<p>Manisa\u2019da d\u00fczenlenen operasyonda, \u0130zmir istikametine gitmekte olan 34 d\u00fczensiz g\u00f6\u00e7men ile ara\u00e7 \u015fof\u00f6r\u00fc yakaland\u0131.<br \/>\n<br \/>Manisa \u0130l Emniyet M\u00fcd\u00fcrl\u00fc\u011f\u00fc G\u00f6\u00e7men Ka\u00e7ak\u00e7\u0131l\u0131\u011f\u0131yla M\u00fccadele ve Hudut Kap\u0131lar\u0131 \u015eube M\u00fcd\u00fcrl\u00fc\u011f\u00fc ekiplerince y\u00fcr\u00fct\u00fclen \u00e7al\u0131\u015fmalar kapsam\u0131nda, Yunusemre il\u00e7esinde g\u00f6\u00e7men ka\u00e7ak\u00e7\u0131l\u0131\u011f\u0131na y\u00f6nelik ger\u00e7ekle\u015ftirdi\u011fi operasyonda 34 d\u00fczensiz g\u00f6\u00e7men yakaland\u0131.<br \/>\n<br \/>Yap\u0131lan \u00e7al\u0131\u015fmalarda, Yunusemre Fatih Mahallesi\u2019nde yabanc\u0131 uyruklu \u015fah\u0131slar\u0131n topland\u0131\u011f\u0131 tespit edilen bir ikamet takibe al\u0131nd\u0131. 16 Ocak g\u00fcn\u00fc saat 22.00 s\u0131ralar\u0131nda ikametten \u00e7\u0131kan yabanc\u0131 uyruklu \u015fah\u0131slar\u0131n 35 plakal\u0131 ara\u00e7la \u0130zmir istikametine do\u011fru hareket etti\u011finin belirlenmesi \u00fczerine ekiplerce Manisa-\u0130zmir yolu Spilos Otel civar\u0131nda ara\u00e7 durduruldu.<br \/>\n<br \/>Ara\u00e7ta yap\u0131lan kontrolde, 33 Afganistan uyruklu ve 1 T\u00fcrkmenistan uyruklu olmak \u00fczere toplam 34 yabanc\u0131 uyruklu \u015fah\u0131s ile ara\u00e7 s\u00fcr\u00fcc\u00fcs\u00fc F.K. (25) yakaland\u0131.<br \/>\n<br \/>Al\u0131nan ilk beyanlara g\u00f6re, yasa d\u0131\u015f\u0131 yollardan Yunanistan\u2019a ge\u00e7mek isteyen \u015fah\u0131slar, g\u00f6\u00e7men ka\u00e7ak\u00e7\u0131lar\u0131yla irtibat kurarak Yalova, Afyonkarahisar, Konya ve \u0130stanbul\u2019dan Manisa\u2019daki ikamete geldiklerini belirtti.<br \/>\n<br \/>Yakalanan 34 yabanc\u0131 uyruklu \u015fah\u0131s hakk\u0131nda 6458 say\u0131l\u0131 Yabanc\u0131lar ve Uluslararas\u0131 Koruma Kanunu kapsam\u0131nda s\u0131n\u0131r d\u0131\u015f\u0131 i\u015flemleri ba\u015flat\u0131ld\u0131. T\u00fcrkiye\u2019de yasal kal\u0131\u015f hakk\u0131 bulunmayan 16 Afganistan uyruklu \u015fah\u0131s G\u00f6\u00e7men Geri G\u00f6nderme Merkezi\u2019ne (G\u00d6KSEM) teslim edildi.<br \/>\n<br \/>Olayla ilgili g\u00f6zalt\u0131na al\u0131nan \u015f\u00fcpheli F.K., bug\u00fcn sevk edildi\u011fi adli makamlarca tutuklanarak cezaevine g\u00f6nderildi.<br \/><\/p>\n","protected":false},"excerpt":{"rendered":"<p>Manisa\u2019da d\u00fczenlenen operasyonda, \u0130zmir istikametine gitmekte olan 34 d\u00fczensiz g\u00f6\u00e7men ile ara\u00e7 \u015fof\u00f6r\u00fc yakaland\u0131. Manisa \u0130l Emniyet M\u00fcd\u00fcrl\u00fc\u011f\u00fc G\u00f6\u00e7men Ka\u00e7ak\u00e7\u0131l\u0131\u011f\u0131yla M\u00fccadele ve Hudut Kap\u0131lar\u0131 \u015eube M\u00fcd\u00fcrl\u00fc\u011f\u00fc ekiplerince y\u00fcr\u00fct\u00fclen \u00e7al\u0131\u015fmalar kapsam\u0131nda, Yunusemre il\u00e7esinde g\u00f6\u00e7men ka\u00e7ak\u00e7\u0131l\u0131\u011f\u0131na y\u00f6nelik ger\u00e7ekle\u015ftirdi\u011fi operasyonda 34 d\u00fczensiz g\u00f6\u00e7men yakaland\u0131. Yap\u0131lan \u00e7al\u0131\u015fmalarda, Yunusemre Fatih Mahallesi\u2019nde yabanc\u0131 uyruklu \u015fah\u0131slar\u0131n topland\u0131\u011f\u0131 tespit edilen bir ikamet takibe&#8230;<\/p>\n","protected":false},"author":1,"featured_media":81456,"comment_status":"open","ping_status":"open","sticky":false,"template":"","format":"standard","meta":{"_crdt_document":"","footnotes":""},"categories":[5],"tags":[],"class_list":["post-81455","post","type-post","status-publish","format-standard","has-post-thumbnail","hentry","category-asayis"],"_links":{"self":[{"href":"https:\/\/www.egemtv.com\/index.php?rest_route=\/wp\/v2\/posts\/81455","targetHints":{"allow":["GET"]}}],"collection":[{"href":"https:\/\/www.egemtv.com\/index.php?rest_route=\/wp\/v2\/posts"}],"about":[{"href":"https:\/\/www.egemtv.com\/index.php?rest_route=\/wp\/v2\/types\/post"}],"author":[{"embeddable":true,"href":"https:\/\/www.egemtv.com\/index.php?rest_route=\/wp\/v2\/users\/1"}],"replies":[{"embeddable":true,"href":"https:\/\/www.egemtv.com\/index.php?rest_route=%2Fwp%2Fv2%2Fcomments&post=81455"}],"version-history":[{"count":1,"href":"https:\/\/www.egemtv.com\/index.php?rest_route=\/wp\/v2\/posts\/81455\/revisions"}],"predecessor-version":[{"id":81457,"href":"https:\/\/www.egemtv.com\/index.php?rest_route=\/wp\/v2\/posts\/81455\/revisions\/81457"}],"wp:featuredmedia":[{"embeddable":true,"href":"https:\/\/www.egemtv.com\/index.php?rest_route=\/wp\/v2\/media\/81456"}],"wp:attachment":[{"href":"https:\/\/www.egemtv.com\/index.php?rest_route=%2Fwp%2Fv2%2Fmedia&parent=81455"}],"wp:term":[{"taxonomy":"category","embeddable":true,"href":"https:\/\/www.egemtv.com\/index.php?rest_route=%2Fwp%2Fv2%2Fcategories&post=81455"},{"taxonomy":"post_tag","embeddable":true,"href":"https:\/\/www.egemtv.com\/index.php?rest_route=%2Fwp%2Fv2%2Ftags&post=81455"}],"curies":[{"name":"wp","href":"https:\/\/api.w.org\/{rel}","templated":true}]}}