{"id":81449,"date":"2026-01-17T20:15:37","date_gmt":"2026-01-17T17:15:37","guid":{"rendered":"https:\/\/www.egemtv.com\/?p=81449"},"modified":"2026-01-17T20:15:37","modified_gmt":"2026-01-17T17:15:37","slug":"manisada-66-yil-4-ay-hapis-cezasiyla-aranan-18-yasindaki-sahis-yakalandi","status":"publish","type":"post","link":"https:\/\/www.egemtv.com\/?p=81449","title":{"rendered":"Manisa\u2019da 66 y\u0131l 4 ay hapis cezas\u0131yla aranan 18 ya\u015f\u0131ndaki \u015fah\u0131s yakaland\u0131"},"content":{"rendered":"<p>Manisa \u0130l Jandarma Komutanl\u0131\u011f\u0131 JASAT ekipleri taraf\u0131ndan y\u00fcr\u00fct\u00fclen \u00e7al\u0131\u015fmalar kapsam\u0131nda, \u00e7e\u015fitli h\u0131rs\u0131zl\u0131k su\u00e7lar\u0131ndan hakk\u0131nda 66 y\u0131l 4 ay kesinle\u015fmi\u015f hapis cezas\u0131 bulunan 18 ya\u015f\u0131ndaki \u015fah\u0131s yakalanarak adli makamlara sevk edildi.<br \/>\n<br \/>Manisa \u0130l Jandarma Komutanl\u0131\u011f\u0131 JASAT ekipleri, nitelikli su\u00e7lardan aranan ki\u015filerin yakalanmas\u0131na y\u00f6nelik \u00e7al\u0131\u015fmalar\u0131n\u0131 s\u00fcrd\u00fcr\u00fcyor. Bu kapsamda, ger\u00e7ekle\u015ftirilen operasyonla, \u00e7e\u015fitli h\u0131rs\u0131zl\u0131k su\u00e7lar\u0131ndan aranan ve hakk\u0131nda toplam 66 y\u0131l 4 ay kesinle\u015fmi\u015f hapis cezas\u0131 bulunan P.Y. (18) yakaland\u0131.<br \/>\n<br \/>Yap\u0131lan ara\u015ft\u0131rmalar sonucunda yeri tespit edilen \u015fah\u0131s, jandarma ekiplerince g\u00f6zalt\u0131na al\u0131nd\u0131. \u0130\u015flemleri tamamlanan P.Y., adli makamlara sevk edildi.<br \/><\/p>\n","protected":false},"excerpt":{"rendered":"<p>Manisa \u0130l Jandarma Komutanl\u0131\u011f\u0131 JASAT ekipleri taraf\u0131ndan y\u00fcr\u00fct\u00fclen \u00e7al\u0131\u015fmalar kapsam\u0131nda, \u00e7e\u015fitli h\u0131rs\u0131zl\u0131k su\u00e7lar\u0131ndan hakk\u0131nda 66 y\u0131l 4 ay kesinle\u015fmi\u015f hapis cezas\u0131 bulunan 18 ya\u015f\u0131ndaki \u015fah\u0131s yakalanarak adli makamlara sevk edildi. Manisa \u0130l Jandarma Komutanl\u0131\u011f\u0131 JASAT ekipleri, nitelikli su\u00e7lardan aranan ki\u015filerin yakalanmas\u0131na y\u00f6nelik \u00e7al\u0131\u015fmalar\u0131n\u0131 s\u00fcrd\u00fcr\u00fcyor. Bu kapsamda, ger\u00e7ekle\u015ftirilen operasyonla, \u00e7e\u015fitli h\u0131rs\u0131zl\u0131k su\u00e7lar\u0131ndan aranan ve hakk\u0131nda toplam&#8230;<\/p>\n","protected":false},"author":1,"featured_media":81450,"comment_status":"open","ping_status":"open","sticky":false,"template":"","format":"standard","meta":{"_crdt_document":"","footnotes":""},"categories":[5],"tags":[],"class_list":["post-81449","post","type-post","status-publish","format-standard","has-post-thumbnail","hentry","category-asayis"],"_links":{"self":[{"href":"https:\/\/www.egemtv.com\/index.php?rest_route=\/wp\/v2\/posts\/81449","targetHints":{"allow":["GET"]}}],"collection":[{"href":"https:\/\/www.egemtv.com\/index.php?rest_route=\/wp\/v2\/posts"}],"about":[{"href":"https:\/\/www.egemtv.com\/index.php?rest_route=\/wp\/v2\/types\/post"}],"author":[{"embeddable":true,"href":"https:\/\/www.egemtv.com\/index.php?rest_route=\/wp\/v2\/users\/1"}],"replies":[{"embeddable":true,"href":"https:\/\/www.egemtv.com\/index.php?rest_route=%2Fwp%2Fv2%2Fcomments&post=81449"}],"version-history":[{"count":1,"href":"https:\/\/www.egemtv.com\/index.php?rest_route=\/wp\/v2\/posts\/81449\/revisions"}],"predecessor-version":[{"id":81451,"href":"https:\/\/www.egemtv.com\/index.php?rest_route=\/wp\/v2\/posts\/81449\/revisions\/81451"}],"wp:featuredmedia":[{"embeddable":true,"href":"https:\/\/www.egemtv.com\/index.php?rest_route=\/wp\/v2\/media\/81450"}],"wp:attachment":[{"href":"https:\/\/www.egemtv.com\/index.php?rest_route=%2Fwp%2Fv2%2Fmedia&parent=81449"}],"wp:term":[{"taxonomy":"category","embeddable":true,"href":"https:\/\/www.egemtv.com\/index.php?rest_route=%2Fwp%2Fv2%2Fcategories&post=81449"},{"taxonomy":"post_tag","embeddable":true,"href":"https:\/\/www.egemtv.com\/index.php?rest_route=%2Fwp%2Fv2%2Ftags&post=81449"}],"curies":[{"name":"wp","href":"https:\/\/api.w.org\/{rel}","templated":true}]}}