{"id":81446,"date":"2026-01-17T20:15:36","date_gmt":"2026-01-17T17:15:36","guid":{"rendered":"https:\/\/www.egemtv.com\/?p=81446"},"modified":"2026-01-17T20:15:37","modified_gmt":"2026-01-17T17:15:37","slug":"selendi-belediyespor-sampiyonluga-kosuyor","status":"publish","type":"post","link":"https:\/\/www.egemtv.com\/?p=81446","title":{"rendered":"Selendi Belediyespor \u015fampiyonlu\u011fa ko\u015fuyor"},"content":{"rendered":"<p>1 ma\u011flup ederek zirvedeki yerini korudu. Selendi ekibi, \u00f6n\u00fcm\u00fczdeki hafta oynayaca\u011f\u0131 Adalaspor ma\u00e7\u0131n\u0131 kazanmas\u0131 halinde \u015fampiyonlu\u011funu ilan edecek.<br \/>\n<br \/>Ge\u00e7ti\u011fimiz sezon S\u00fcper Amat\u00f6r K\u00fcme\u2019den d\u00fc\u015fen Selendi Belediyespor, bu sezon sergiledi\u011fi ba\u015far\u0131l\u0131 performansla dikkatleri \u00fczerine \u00e7ekti. Grupta oynad\u0131\u011f\u0131 8 ma\u00e7\u0131n tamam\u0131n\u0131 kazanan Selendi temsilcisi, 8\u2019de 8 yaparak nama\u011flup liderli\u011fini s\u00fcrd\u00fcrd\u00fc. Ala\u015fehir\u2019de oynanan Salihli Y\u0131ld\u0131r\u0131mspor kar\u015f\u0131la\u015fmas\u0131nda Abdullah T\u00fcrkan, Sad\u0131k Ar\u0131kan ve Serdal Kara hakem \u00fc\u00e7l\u00fcs\u00fc g\u00f6rev yapt\u0131.<br \/>\n<br \/>M\u00fcsabakay\u0131 Selendi Belediye Ba\u015fkan\u0131 Murat Daban, Kul\u00fcp Ba\u015fkan\u0131 \u00d6mer Karag\u00f6z ve \u00e7ok say\u0131da Selendili taraftar trib\u00fcnden takip etti. Selendi Belediyespor\u2019un gollerini 2. dakikada Ya\u011f\u0131z Berk, 18. dakikada G\u00f6kay, 40. dakikada Salih ve 90. dakikada Emre G\u00fclmez kaydetti. Kar\u015f\u0131la\u015fman\u0131n ard\u0131ndan Selendi cephesinde b\u00fcy\u00fck sevin\u00e7 ya\u015fan\u0131rken, futbolcular \u015fampiyonluk \u015fark\u0131lar\u0131 s\u00f6yledi.<br \/>\n<br \/>Selendi Belediyespor, \u00f6n\u00fcm\u00fczdeki hafta sahas\u0131nda Adalaspor\u2019u konuk edecek. Kar\u015f\u0131la\u015fmay\u0131 kazanmas\u0131 halinde Selendi ekibi, son haftaya \u015fampiyonlu\u011funu ilan ederek \u00e7\u0131kacak.<br \/>\n<br \/>Ma\u00e7 sonras\u0131 de\u011ferlendirmelerde bulunan Selendi Belediyespor Kul\u00fcp Ba\u015fkan\u0131 \u00d6mer Karag\u00f6z, &#8220;Oyuncular\u0131m\u0131 tebrik ediyorum. \u015eampiyonluk i\u00e7in son 90 dakikam\u0131z kald\u0131. \u0130n\u015fallah \u00f6n\u00fcm\u00fczdeki hafta Adalaspor ma\u00e7\u0131n\u0131 da kazanarak \u015fampiyon olaca\u011f\u0131z. Hak etti\u011fimiz S\u00fcper Amat\u00f6r K\u00fcme\u2019ye bir sezonun ard\u0131ndan geri d\u00f6nece\u011fiz. T\u00fcm taraftarlar\u0131m\u0131z\u0131 hafta sonu stad\u0131m\u0131za davet ediyor, bu co\u015fkuyu birlikte ya\u015famaya \u00e7a\u011f\u0131r\u0131yoruz&#8221; dedi.<br \/><\/p>\n","protected":false},"excerpt":{"rendered":"<p>1 ma\u011flup ederek zirvedeki yerini korudu. Selendi ekibi, \u00f6n\u00fcm\u00fczdeki hafta oynayaca\u011f\u0131 Adalaspor ma\u00e7\u0131n\u0131 kazanmas\u0131 halinde \u015fampiyonlu\u011funu ilan edecek. Ge\u00e7ti\u011fimiz sezon S\u00fcper Amat\u00f6r K\u00fcme\u2019den d\u00fc\u015fen Selendi Belediyespor, bu sezon sergiledi\u011fi ba\u015far\u0131l\u0131 performansla dikkatleri \u00fczerine \u00e7ekti. Grupta oynad\u0131\u011f\u0131 8 ma\u00e7\u0131n tamam\u0131n\u0131 kazanan Selendi temsilcisi, 8\u2019de 8 yaparak nama\u011flup liderli\u011fini s\u00fcrd\u00fcrd\u00fc. Ala\u015fehir\u2019de oynanan Salihli Y\u0131ld\u0131r\u0131mspor kar\u015f\u0131la\u015fmas\u0131nda Abdullah T\u00fcrkan,&#8230;<\/p>\n","protected":false},"author":1,"featured_media":81447,"comment_status":"open","ping_status":"open","sticky":false,"template":"","format":"standard","meta":{"_crdt_document":"","footnotes":""},"categories":[4],"tags":[],"class_list":["post-81446","post","type-post","status-publish","format-standard","has-post-thumbnail","hentry","category-spor"],"_links":{"self":[{"href":"https:\/\/www.egemtv.com\/index.php?rest_route=\/wp\/v2\/posts\/81446","targetHints":{"allow":["GET"]}}],"collection":[{"href":"https:\/\/www.egemtv.com\/index.php?rest_route=\/wp\/v2\/posts"}],"about":[{"href":"https:\/\/www.egemtv.com\/index.php?rest_route=\/wp\/v2\/types\/post"}],"author":[{"embeddable":true,"href":"https:\/\/www.egemtv.com\/index.php?rest_route=\/wp\/v2\/users\/1"}],"replies":[{"embeddable":true,"href":"https:\/\/www.egemtv.com\/index.php?rest_route=%2Fwp%2Fv2%2Fcomments&post=81446"}],"version-history":[{"count":1,"href":"https:\/\/www.egemtv.com\/index.php?rest_route=\/wp\/v2\/posts\/81446\/revisions"}],"predecessor-version":[{"id":81448,"href":"https:\/\/www.egemtv.com\/index.php?rest_route=\/wp\/v2\/posts\/81446\/revisions\/81448"}],"wp:featuredmedia":[{"embeddable":true,"href":"https:\/\/www.egemtv.com\/index.php?rest_route=\/wp\/v2\/media\/81447"}],"wp:attachment":[{"href":"https:\/\/www.egemtv.com\/index.php?rest_route=%2Fwp%2Fv2%2Fmedia&parent=81446"}],"wp:term":[{"taxonomy":"category","embeddable":true,"href":"https:\/\/www.egemtv.com\/index.php?rest_route=%2Fwp%2Fv2%2Fcategories&post=81446"},{"taxonomy":"post_tag","embeddable":true,"href":"https:\/\/www.egemtv.com\/index.php?rest_route=%2Fwp%2Fv2%2Ftags&post=81446"}],"curies":[{"name":"wp","href":"https:\/\/api.w.org\/{rel}","templated":true}]}}