{"id":81206,"date":"2026-01-16T15:34:52","date_gmt":"2026-01-16T12:34:52","guid":{"rendered":"https:\/\/www.egemtv.com\/?p=81206"},"modified":"2026-01-16T15:34:53","modified_gmt":"2026-01-16T12:34:53","slug":"mugla-buyuksehirden-ara-tatilde-cocuklara-ucretsiz-etkinlikler","status":"publish","type":"post","link":"https:\/\/www.egemtv.com\/?p=81206","title":{"rendered":"Mu\u011fla B\u00fcy\u00fck\u015fehir\u2019den ara tatilde \u00e7ocuklara \u00fccretsiz etkinlikler"},"content":{"rendered":"<p>Mu\u011fla B\u00fcy\u00fck\u015fehir Belediyesi taraf\u0131ndan organize edilen etkinlikler; spor aktiviteleri, m\u00fczik at\u00f6lyeleri, e\u011flenceli parkurlar, tahta oyunlar\u0131, tenis, bilim, sanat ve oyun at\u00f6lyeleri ve buz pateni gibi bir\u00e7ok farkl\u0131 ba\u015fl\u0131kta \u00e7ocuklarla bulu\u015facak.<br \/>\n<br \/>\u00c7ocuklara at\u00f6lye ve spor etkinlikleri<br \/>\n<br \/>Mente\u015fe il\u00e7esinin D\u00fc\u011ferek Mahallesinde bulunan D\u00fc\u011ferek Sosyal Tesisleri ve Spor Salonu\u2019nda ger\u00e7ekle\u015fecek etkinlikler, 21-30 Ocak tarihleri aras\u0131nda saat 13.00 -16.00 aras\u0131nda d\u00fczenlenecek. Program kapsam\u0131nda; E\u011flenceli parkur ve tahta oyunlar\u0131, spor aktiviteleri, m\u00fczik at\u00f6lyeleri \u00e7ocuklara keyifli bir ara tatil deneyimi sunacak. Ege Mahallesi Dalaman Tenis Kortlar\u0131\u2019nda ise 20, 22, 27 ve 29 Ocak tarihlerinde saat 13.00-16.00 aras\u0131nda tenis etkinlikleri ger\u00e7ekle\u015ftirilecek.<br \/>\n<br \/>Mente\u015fe Kent Meydan\u0131\u2019nda buz pateni<br \/>\n<br \/>Ara tatil boyunca Mente\u015fe Kent Meydan\u0131nda kurulacak buz pisti, 7-15 ya\u015f grubu \u00e7ocuklar\u0131 a\u011f\u0131rlayacak. Buz pateni etkinli\u011fi, pazartesi g\u00fcnleri hari\u00e7 her g\u00fcn 10.00-12.00 saatleri aras\u0131nda yap\u0131lacak.<br \/>\n<br \/>Ara tatilde \u00e7ocuklar i\u00e7in bilim, sanat ve oyun dolu at\u00f6lyeler<br \/>\n<br \/>Ara tatil program\u0131 kapsam\u0131nda Mu\u011fla\u2019n\u0131n 13 il\u00e7esinde \u00e7ocuklara y\u00f6nelik at\u00f6lye \u00e7al\u0131\u015fmalar\u0131 d\u00fczenlenecek. Gezici Dayan\u0131\u015fma Otob\u00fcs\u00fc ve Gezici Oyuncak K\u00fct\u00fcphanesi Arac\u0131 \u00e7ocuklar i\u00e7in yola \u00e7\u0131kacak. Her il\u00e7ede saat 10.00- 16.00 aras\u0131nda yap\u0131lacak bilim, sanat ve oyun at\u00f6lyeleri \u00e7ocuklar\u0131n hem e\u011flenmesini hem de \u00f6\u011frenmesini ama\u00e7l\u0131yor. Bilim, Sanat ve Oyun At\u00f6lyelerinden olu\u015fan etkinlik takviminin detaylar\u0131 ise \u015f\u00f6yle:<br \/>\n<br \/>19 Ocak\u2019ta Bodrum\u2019da Akyarlar \u00c7ok Ama\u00e7l\u0131 Salonda, 20 Ocak\u2019ta Ula\u2019da Ula Belediyesi D\u00fc\u011f\u00fcn Salonu, 21 Ocak\u2019ta Milas\u2019ta Milas Belediyesi D\u00fc\u011f\u00fcn Salonunda, 22 Ocak\u2019ta K\u00f6yce\u011fiz\u2019de Kapal\u0131 Pazar Yeri\u2019nde, 23 Ocak\u2019ta Dat\u00e7a\u2019da K\u0131zlan D\u00fc\u011f\u00fcn Salonunda, 26 Ocak\u2019ta Kavakl\u0131dere\u2019de \u00c7ayboyu\u2019nda, 27 Ocak\u2019ta Fethiye\u2019de Hamza \u00d6zkaraca K\u00fclt\u00fcr Merkezi\u2019nde, 28 Ocak\u2019ta Ortaca\u2019da Bah\u00e7elievler D\u00fc\u011f\u00fcn Salonunda, 29 Ocak\u2019ta Marmaris\u2019te Hisar\u00f6n\u00fc Muhtarl\u0131\u011f\u0131nda ve 30 Ocak\u2019ta Seydikemer\u2019de E\u015fen Mah. \u015eehit Adnan Ergen \u0130lkokulunda \u00e7ocuklar bilim, sanat ve oyunla dolu at\u00f6lyelere kat\u0131lma imk\u00e2n\u0131 bulacak.<br \/>\n<br \/>Kad\u0131n Ya\u015fam Merkezleri ara tatilde \u00e7ocuklar i\u00e7in a\u00e7\u0131k olacak<br \/>\n<br \/>\u00d6te yandan Yata\u011fan, Ye\u015filyurt, Dalaman ve Bay\u0131r\u2019da bulunan Kad\u0131n Ya\u015fam Merkezleri de ara tatil s\u00fcresince \u00e7ocuklara kap\u0131lar\u0131n\u0131 a\u00e7acak. Bu merkezlerde 19-23 Ocak tarihleri aras\u0131nda \u00e7e\u015fitli etkinliklerin yer ald\u0131\u011f\u0131 ara tatil at\u00f6lyeleri d\u00fczenlenecek.<br \/>\n<br \/>Kad\u0131n Ya\u015fam Merkezleri\u2019nde yap\u0131lacak etkinliklerin ise detaylar\u0131 \u015f\u00f6yle s\u0131raland\u0131;<br \/>\n<br \/>D\u00fczenlenecek etkinlikler kapsam\u0131nda Ye\u015filyurt Kad\u0131n Ya\u015fam Merkezi\u2019nde saat 10.00-17.00 aras\u0131nda \u0130ngilizce, m\u00fczik, ebeveyn \u00e7ocuk, ebru ve \u00e7im adam at\u00f6lyeleri ile sinema etkinli\u011fi, \u00e7ocuk haklar\u0131 e\u011fitimi ve interaktif \u00e7ocuk oyunu d\u00fczenlenecek.<br \/>\n<br \/>Yata\u011fan Kad\u0131n Ya\u015fam Merkezi\u2019nde 10.00-17.00 saatleri aras\u0131nda ebeveyn \u00e7ocuk, fizik, matematik ve resim at\u00f6lyeleri ile sinema etkinli\u011fi ve \u00e7ocuk haklar\u0131 e\u011fitimi yap\u0131lacak. Dalaman Kad\u0131n Ya\u015fam Merkezi\u2019\u2019de saat 10.00-15.00 aras\u0131nda seramik, resim ve ebeveyn \u00e7ocuk at\u00f6lyeleri ger\u00e7ekle\u015ftirilecek.<br \/>\n<br \/>Bay\u0131r Kad\u0131n Ya\u015fam Merkezi\u2019nde ise saat 10.00-15.00 aras\u0131nda \u00e7e\u015fitli at\u00f6lyelerin yan\u0131 s\u0131ra \u00e7ocuk haklar\u0131 e\u011fitimi ve interaktif \u00e7ocuk oyunu yer alacak.<br \/>\n<br \/>Ara tatil program\u0131yla \u00e7ocuklar\u0131n desteklenmesi, sosyal becerilerinin geli\u015ftirilmesi ve tatil d\u00f6nemini verimli bir \u015fekilde de\u011ferlendirmeleri hedefleniyor.<br \/>\n<br \/>Ba\u015fkan Aras: &#8220;Kentimiz i\u00e7in yapt\u0131\u011f\u0131m\u0131z her \u015fey, \u00e7ocuklar\u0131m\u0131z\u0131n y\u00fczlerindeki g\u00fcl\u00fcmsemede anlam buluyor&#8221;<br \/>\n<br \/>K\u0131y\u0131 Ege Belediyeler Birli\u011fi ve Mu\u011fla B\u00fcy\u00fck\u015fehir Belediye Ba\u015fkan\u0131 Ahmet Aras:  &#8220;Gelece\u011fimizin teminat\u0131 olan \u00e7ocuklar\u0131m\u0131z, b\u00fcy\u00fck bir emek ve \u00f6zveriyle \u00e7al\u0131\u015farak bir e\u011fitim-\u00f6\u011fretim d\u00f6nemini ba\u015far\u0131yla tamamlay\u0131p karne heyecan\u0131 ya\u015fad\u0131. \u015eimdi \u00e7ocuklar\u0131m\u0131z i\u00e7in dinlenip yenilenebilecekleri keyifli bir tatil zaman\u0131. Bu nedenle \u00e7ocuklar\u0131m\u0131z\u0131n keyifli ve verimli bir ara tatil ge\u00e7irmesi i\u00e7in; hem e\u011flendi\u011fi, hem \u00f6\u011frendi\u011fi hem de hareket etti\u011fi birbirinden g\u00fczel etkinlikler planlad\u0131k.<br \/>\n<br \/>\u0130l genelinde haz\u0131rlad\u0131\u011f\u0131m\u0131z \u00fccretsiz etkinliklerle \u00e7ocuklar\u0131m\u0131z\u0131n fiziksel, zihinsel ve sosyal geli\u015fimlerine katk\u0131 sunmay\u0131 ama\u00e7l\u0131yoruz. Spor aktivitelerinden sanat ve bilim at\u00f6lyelerine, buz pateninden oyun alanlar\u0131na uzanan programlarla; \u00e7ocuklar\u0131m\u0131z\u0131n keyif alaca\u011f\u0131, kendilerini ke\u015ffedece\u011fi nitelikli bir ara tatil ortam\u0131 olu\u015fturuyoruz. \u00c7\u00fcnk\u00fc bizim en b\u00fcy\u00fck sorumlulu\u011fumuz, \u00e7ocuklar\u0131m\u0131z\u0131n mutlu, \u00f6zg\u00fcvenli bireyler olarak yeti\u015fmesi ve gelece\u011fe umutla bakmas\u0131d\u0131r. Kentimiz i\u00e7in yapt\u0131\u011f\u0131m\u0131z her \u015fey, \u00e7ocuklar\u0131m\u0131z\u0131n y\u00fczlerindeki g\u00fcl\u00fcmsemede anlam buluyor&#8221;<br \/>\n<br \/>Ba\u015fkan Aras: &#8220;T\u00fcm \u00e7ocuklar\u0131m\u0131z\u0131 ara tatil boyunca d\u00fczenledi\u011fimiz etkinliklere davet ediyorum&#8221;<br \/>\n<br \/>Ba\u015fkan Aras, karne sevincini ya\u015fayan \u00f6\u011frencileri tebrik ederek ara tatilde d\u00fczenlenen etkinliklere davet etti: &#8220;Karne sevinci ya\u015fayan \u00f6\u011frencilerimizi, her ad\u0131mda yanlar\u0131nda olan ailelerini ve onlar\u0131 \u00f6zveriyle gelece\u011fe haz\u0131rlayan \u00f6\u011fretmenlerimizi tebrik ediyor; herkese g\u00fczel hat\u0131ralar biriktirece\u011fi, keyifli bir ara tatil diliyorum. T\u00fcm \u00e7ocuklar\u0131m\u0131z\u0131 ara tatil boyunca d\u00fczenledi\u011fimiz etkinliklere davet ediyorum&#8221;<br \/><\/p>\n","protected":false},"excerpt":{"rendered":"<p>Mu\u011fla B\u00fcy\u00fck\u015fehir Belediyesi taraf\u0131ndan organize edilen etkinlikler; spor aktiviteleri, m\u00fczik at\u00f6lyeleri, e\u011flenceli parkurlar, tahta oyunlar\u0131, tenis, bilim, sanat ve oyun at\u00f6lyeleri ve buz pateni gibi bir\u00e7ok farkl\u0131 ba\u015fl\u0131kta \u00e7ocuklarla bulu\u015facak. \u00c7ocuklara at\u00f6lye ve spor etkinlikleri Mente\u015fe il\u00e7esinin D\u00fc\u011ferek Mahallesinde bulunan D\u00fc\u011ferek Sosyal Tesisleri ve Spor Salonu\u2019nda ger\u00e7ekle\u015fecek etkinlikler, 21-30 Ocak tarihleri aras\u0131nda saat 13.00 -16.00&#8230;<\/p>\n","protected":false},"author":1,"featured_media":81207,"comment_status":"open","ping_status":"open","sticky":false,"template":"","format":"standard","meta":{"_crdt_document":"","footnotes":""},"categories":[1],"tags":[],"class_list":["post-81206","post","type-post","status-publish","format-standard","has-post-thumbnail","hentry","category-guncel"],"_links":{"self":[{"href":"https:\/\/www.egemtv.com\/index.php?rest_route=\/wp\/v2\/posts\/81206","targetHints":{"allow":["GET"]}}],"collection":[{"href":"https:\/\/www.egemtv.com\/index.php?rest_route=\/wp\/v2\/posts"}],"about":[{"href":"https:\/\/www.egemtv.com\/index.php?rest_route=\/wp\/v2\/types\/post"}],"author":[{"embeddable":true,"href":"https:\/\/www.egemtv.com\/index.php?rest_route=\/wp\/v2\/users\/1"}],"replies":[{"embeddable":true,"href":"https:\/\/www.egemtv.com\/index.php?rest_route=%2Fwp%2Fv2%2Fcomments&post=81206"}],"version-history":[{"count":1,"href":"https:\/\/www.egemtv.com\/index.php?rest_route=\/wp\/v2\/posts\/81206\/revisions"}],"predecessor-version":[{"id":81208,"href":"https:\/\/www.egemtv.com\/index.php?rest_route=\/wp\/v2\/posts\/81206\/revisions\/81208"}],"wp:featuredmedia":[{"embeddable":true,"href":"https:\/\/www.egemtv.com\/index.php?rest_route=\/wp\/v2\/media\/81207"}],"wp:attachment":[{"href":"https:\/\/www.egemtv.com\/index.php?rest_route=%2Fwp%2Fv2%2Fmedia&parent=81206"}],"wp:term":[{"taxonomy":"category","embeddable":true,"href":"https:\/\/www.egemtv.com\/index.php?rest_route=%2Fwp%2Fv2%2Fcategories&post=81206"},{"taxonomy":"post_tag","embeddable":true,"href":"https:\/\/www.egemtv.com\/index.php?rest_route=%2Fwp%2Fv2%2Ftags&post=81206"}],"curies":[{"name":"wp","href":"https:\/\/api.w.org\/{rel}","templated":true}]}}