{"id":81203,"date":"2026-01-16T15:34:51","date_gmt":"2026-01-16T12:34:51","guid":{"rendered":"https:\/\/www.egemtv.com\/?p=81203"},"modified":"2026-01-16T15:34:52","modified_gmt":"2026-01-16T12:34:52","slug":"sadan-gokovali-acik-hava-tiyatrosu-cagdas-bir-yapiya-kavusuyor","status":"publish","type":"post","link":"https:\/\/www.egemtv.com\/?p=81203","title":{"rendered":"\u015eadan G\u00f6koval\u0131 A\u00e7\u0131k Hava Tiyatrosu \u00e7a\u011fda\u015f bir yap\u0131ya kavu\u015fuyor"},"content":{"rendered":"<p>Mu\u011fla B\u00fcy\u00fck\u015fehir Belediyesi taraf\u0131ndan Prof. Dr. \u015eadan G\u00f6koval\u0131 A\u00e7\u0131k Hava Tiyatrosunda y\u00fcr\u00fct\u00fclen bak\u0131m, onar\u0131m ve tadilat \u00e7al\u0131\u015fmalar\u0131 devam ediyor. \u00c7al\u0131\u015fmalar\u0131n tamamlanmas\u0131n\u0131n ard\u0131ndan tiyatro, yenilenen y\u00fcz\u00fcyle yeniden sanatseverlerin kullan\u0131m\u0131na sunulacak.<\/p>\n<p>Mu\u011fla B\u00fcy\u00fck\u015fehir Belediyesi\u2019nin yenileme \u00e7al\u0131\u015fmalar\u0131 kapsam\u0131nda Prof. Dr. \u015eadan G\u00f6koval\u0131 A\u00e7\u0131k Hava Tiyatrosu\u2019nda y\u00fcr\u00fct\u00fclen bak\u0131m, onar\u0131m ve tadilat \u00e7al\u0131\u015fmalar\u0131 s\u00fcrd\u00fcr\u00fcl\u00fcyor. Proje do\u011frultusunda yap\u0131n\u0131n i\u00e7 ve d\u0131\u015f mekanlar\u0131nda yenileme \u00e7al\u0131\u015fmalar\u0131 ger\u00e7ekle\u015ftirilirken, zemin ve tavan kaplamalar\u0131 da g\u00fcncelleniyor. Sahne alan\u0131, \u00e7a\u011fda\u015f teknik donan\u0131mlara uygun \u015fekilde yeniden d\u00fczenlenirken, engelli vatanda\u015flar\u0131n etkinlikleri daha konforlu \u015fekilde izleyebilmelerine imk\u00e2n tan\u0131yacak eri\u015filebilir alanlar olu\u015fturuluyor. \u00c7al\u0131\u015fmalar kapsam\u0131nda sanat\u00e7\u0131 ve protokol odalar\u0131, fuaye alan\u0131 ile idari ofisler gibi destekleyici birimler de projeye d\u00e2hil ediliyor. D\u0131\u015f alanlarda ise ta\u015f duvar uygulamalar\u0131yla peyzaj d\u00fczenlemeleri yap\u0131lacak, d\u0131\u015f merdivenler yeniden d\u00fczenlenecek.<\/p>\n<p>K\u0131y\u0131 Ege Belediyeler Birli\u011fi ve Mu\u011fla B\u00fcy\u00fck\u015fehir Belediye Ba\u015fkan\u0131 Ahmet Aras, &#8220;\u015eadan G\u00f6koval\u0131, Mu\u011fla\u2019n\u0131n tarihine, k\u00fclt\u00fcr\u00fcne ve kimli\u011fine b\u00fcy\u00fck katk\u0131lar sunmu\u015f, kent belle\u011finde iz b\u0131rakm\u0131\u015f \u00e7ok de\u011ferli bir ayd\u0131n\u0131m\u0131zd\u0131r. Ad\u0131n\u0131 ta\u015f\u0131yan bu a\u00e7\u0131k hava tiyatrosu da y\u0131llard\u0131r Mu\u011flal\u0131lar\u0131 k\u00fclt\u00fcr ve sanatla bulu\u015fturan \u00f6nemli bir bulu\u015fma noktas\u0131d\u0131r. Ger\u00e7ekle\u015ftirdi\u011fimiz bu yenileme \u00e7al\u0131\u015fmalar\u0131yla, hem \u015eadan G\u00f6koval\u0131\u2019n\u0131n an\u0131s\u0131na yak\u0131\u015f\u0131r bir mek\u00e2n olu\u015fturuyor hem de tiyatromuzu teknik altyap\u0131s\u0131 g\u00fc\u00e7l\u00fc, \u00e7a\u011fda\u015f ve herkes i\u00e7in eri\u015filebilir bir yap\u0131ya kavu\u015fturuyoruz. Mu\u011fla\u2019da k\u00fclt\u00fcr ve sanat\u0131 destekleyen yat\u0131r\u0131mlar\u0131m\u0131za kararl\u0131l\u0131kla devam edece\u011fiz&#8221; dedi.<br \/><\/p>\n","protected":false},"excerpt":{"rendered":"<p>Mu\u011fla B\u00fcy\u00fck\u015fehir Belediyesi taraf\u0131ndan Prof. Dr. \u015eadan G\u00f6koval\u0131 A\u00e7\u0131k Hava Tiyatrosunda y\u00fcr\u00fct\u00fclen bak\u0131m, onar\u0131m ve tadilat \u00e7al\u0131\u015fmalar\u0131 devam ediyor. \u00c7al\u0131\u015fmalar\u0131n tamamlanmas\u0131n\u0131n ard\u0131ndan tiyatro, yenilenen y\u00fcz\u00fcyle yeniden sanatseverlerin kullan\u0131m\u0131na sunulacak. Mu\u011fla B\u00fcy\u00fck\u015fehir Belediyesi\u2019nin yenileme \u00e7al\u0131\u015fmalar\u0131 kapsam\u0131nda Prof. Dr. \u015eadan G\u00f6koval\u0131 A\u00e7\u0131k Hava Tiyatrosu\u2019nda y\u00fcr\u00fct\u00fclen bak\u0131m, onar\u0131m ve tadilat \u00e7al\u0131\u015fmalar\u0131 s\u00fcrd\u00fcr\u00fcl\u00fcyor. Proje do\u011frultusunda yap\u0131n\u0131n i\u00e7 ve d\u0131\u015f&#8230;<\/p>\n","protected":false},"author":1,"featured_media":81204,"comment_status":"open","ping_status":"open","sticky":false,"template":"","format":"standard","meta":{"_crdt_document":"","footnotes":""},"categories":[1],"tags":[],"class_list":["post-81203","post","type-post","status-publish","format-standard","has-post-thumbnail","hentry","category-guncel"],"_links":{"self":[{"href":"https:\/\/www.egemtv.com\/index.php?rest_route=\/wp\/v2\/posts\/81203","targetHints":{"allow":["GET"]}}],"collection":[{"href":"https:\/\/www.egemtv.com\/index.php?rest_route=\/wp\/v2\/posts"}],"about":[{"href":"https:\/\/www.egemtv.com\/index.php?rest_route=\/wp\/v2\/types\/post"}],"author":[{"embeddable":true,"href":"https:\/\/www.egemtv.com\/index.php?rest_route=\/wp\/v2\/users\/1"}],"replies":[{"embeddable":true,"href":"https:\/\/www.egemtv.com\/index.php?rest_route=%2Fwp%2Fv2%2Fcomments&post=81203"}],"version-history":[{"count":1,"href":"https:\/\/www.egemtv.com\/index.php?rest_route=\/wp\/v2\/posts\/81203\/revisions"}],"predecessor-version":[{"id":81205,"href":"https:\/\/www.egemtv.com\/index.php?rest_route=\/wp\/v2\/posts\/81203\/revisions\/81205"}],"wp:featuredmedia":[{"embeddable":true,"href":"https:\/\/www.egemtv.com\/index.php?rest_route=\/wp\/v2\/media\/81204"}],"wp:attachment":[{"href":"https:\/\/www.egemtv.com\/index.php?rest_route=%2Fwp%2Fv2%2Fmedia&parent=81203"}],"wp:term":[{"taxonomy":"category","embeddable":true,"href":"https:\/\/www.egemtv.com\/index.php?rest_route=%2Fwp%2Fv2%2Fcategories&post=81203"},{"taxonomy":"post_tag","embeddable":true,"href":"https:\/\/www.egemtv.com\/index.php?rest_route=%2Fwp%2Fv2%2Ftags&post=81203"}],"curies":[{"name":"wp","href":"https:\/\/api.w.org\/{rel}","templated":true}]}}