{"id":81200,"date":"2026-01-16T15:14:47","date_gmt":"2026-01-16T12:14:47","guid":{"rendered":"https:\/\/www.egemtv.com\/?p=81200"},"modified":"2026-01-16T15:14:48","modified_gmt":"2026-01-16T12:14:48","slug":"manisa-fk-atakas-hatayspora-konuk-olacak","status":"publish","type":"post","link":"https:\/\/www.egemtv.com\/?p=81200","title":{"rendered":"Manisa FK, Ataka\u015f Hatayspor\u2019a konuk olacak"},"content":{"rendered":"<p>Manisa Futbol Kul\u00fcb\u00fc, Trendyol 1. Lig 21. hafta ma\u00e7\u0131nda Cumartesi g\u00fcn\u00fc saat 13.30\u2019da Atka\u015f Hatayspor\u2019a konuk olacak.<br \/>\n<br \/>Manisa Futbol Kul\u00fcb\u00fc, Trendyol 1. Lig 21. hafta m\u00fccadelesinde deplasmanda Ataka\u015f Hatayspor ile kar\u015f\u0131la\u015facak. Sar\u0131seki Fuat Tosyal\u0131 Spor Kompleksi\u2019nde oynanacak m\u00fccadele yar\u0131n saat 13.30\u2019da ba\u015flayacak. Siyah-beyazl\u0131lar, Hatayspor m\u00fccadelesini kazanarak haftay\u0131 galibiyetle tamamlamak istiyor. \u0130ki tak\u0131m aras\u0131nda ligin 2. haftas\u0131nda Manisa\u2019da oynanan kar\u015f\u0131la\u015fma Manisa FK\u2019n\u0131n 2-1 galibiyetiyle tamamlanm\u0131\u015ft\u0131.<br \/>\n<br \/>Ligin 14. haftas\u0131nda Manisa FK\u2019n\u0131n ba\u015f\u0131na ge\u00e7en Mustafa Dalc\u0131 y\u00f6netiminde y\u00fckseli\u015fe ge\u00e7en Manisa FK, bu s\u00fcre\u00e7te oynad\u0131\u011f\u0131 7 kar\u015f\u0131la\u015fmadan 5 galibiyet, 1 beraberlik ve 1 ma\u011flubiyetle ayr\u0131ld\u0131.<\/p>\n<p>Kar\u015f\u0131la\u015fmay\u0131 Berkay Erdemir y\u00f6netecek<br \/>\n<br \/>Manisa Futbol Kul\u00fcb\u00fc ile Ataka\u015f Hatayspor aras\u0131nda oynanacak m\u00fccadeleyi hakem Berkay Erdemir y\u00f6netecek. Kar\u015f\u0131la\u015fmada Erdemir\u2019in yard\u0131mc\u0131l\u0131klar\u0131n\u0131 Mehmet Pekmezci ve Egemen Savran yapacak. Ma\u00e7\u0131n d\u00f6rd\u00fcnc\u00fc hakemi ise Abdullah Volkan Ayd\u0131n olacak.<br \/><\/p>\n","protected":false},"excerpt":{"rendered":"<p>Manisa Futbol Kul\u00fcb\u00fc, Trendyol 1. Lig 21. hafta ma\u00e7\u0131nda Cumartesi g\u00fcn\u00fc saat 13.30\u2019da Atka\u015f Hatayspor\u2019a konuk olacak. Manisa Futbol Kul\u00fcb\u00fc, Trendyol 1. Lig 21. hafta m\u00fccadelesinde deplasmanda Ataka\u015f Hatayspor ile kar\u015f\u0131la\u015facak. Sar\u0131seki Fuat Tosyal\u0131 Spor Kompleksi\u2019nde oynanacak m\u00fccadele yar\u0131n saat 13.30\u2019da ba\u015flayacak. Siyah-beyazl\u0131lar, Hatayspor m\u00fccadelesini kazanarak haftay\u0131 galibiyetle tamamlamak istiyor. \u0130ki tak\u0131m aras\u0131nda ligin 2&#8230;.<\/p>\n","protected":false},"author":1,"featured_media":81201,"comment_status":"open","ping_status":"open","sticky":false,"template":"","format":"standard","meta":{"_crdt_document":"","footnotes":""},"categories":[4],"tags":[],"class_list":["post-81200","post","type-post","status-publish","format-standard","has-post-thumbnail","hentry","category-spor"],"_links":{"self":[{"href":"https:\/\/www.egemtv.com\/index.php?rest_route=\/wp\/v2\/posts\/81200","targetHints":{"allow":["GET"]}}],"collection":[{"href":"https:\/\/www.egemtv.com\/index.php?rest_route=\/wp\/v2\/posts"}],"about":[{"href":"https:\/\/www.egemtv.com\/index.php?rest_route=\/wp\/v2\/types\/post"}],"author":[{"embeddable":true,"href":"https:\/\/www.egemtv.com\/index.php?rest_route=\/wp\/v2\/users\/1"}],"replies":[{"embeddable":true,"href":"https:\/\/www.egemtv.com\/index.php?rest_route=%2Fwp%2Fv2%2Fcomments&post=81200"}],"version-history":[{"count":1,"href":"https:\/\/www.egemtv.com\/index.php?rest_route=\/wp\/v2\/posts\/81200\/revisions"}],"predecessor-version":[{"id":81202,"href":"https:\/\/www.egemtv.com\/index.php?rest_route=\/wp\/v2\/posts\/81200\/revisions\/81202"}],"wp:featuredmedia":[{"embeddable":true,"href":"https:\/\/www.egemtv.com\/index.php?rest_route=\/wp\/v2\/media\/81201"}],"wp:attachment":[{"href":"https:\/\/www.egemtv.com\/index.php?rest_route=%2Fwp%2Fv2%2Fmedia&parent=81200"}],"wp:term":[{"taxonomy":"category","embeddable":true,"href":"https:\/\/www.egemtv.com\/index.php?rest_route=%2Fwp%2Fv2%2Fcategories&post=81200"},{"taxonomy":"post_tag","embeddable":true,"href":"https:\/\/www.egemtv.com\/index.php?rest_route=%2Fwp%2Fv2%2Ftags&post=81200"}],"curies":[{"name":"wp","href":"https:\/\/api.w.org\/{rel}","templated":true}]}}