{"id":81194,"date":"2026-01-16T14:54:45","date_gmt":"2026-01-16T11:54:45","guid":{"rendered":"https:\/\/www.egemtv.com\/?p=81194"},"modified":"2026-01-16T14:54:46","modified_gmt":"2026-01-16T11:54:46","slug":"tatilde-genclerin-rotasi-genclik-merkezi-olacak","status":"publish","type":"post","link":"https:\/\/www.egemtv.com\/?p=81194","title":{"rendered":"Tatilde gen\u00e7lerin rotas\u0131 gen\u00e7lik merkezi olacak"},"content":{"rendered":"<p>Mente\u015fe Uluslararas\u0131 Gen\u00e7lik Merkezi, yar\u0131y\u0131l tatilinde \u00e7ocuklar\u0131 ve gen\u00e7leri bilimden sanata, spordan edebiyata kadar uzanan geni\u015f bir etkinlik yelpazesiyle bulu\u015fturuyor.<\/p>\n<p>Mente\u015fe Gen\u00e7lik ve Spor \u0130l\u00e7e M\u00fcd\u00fcrl\u00fc\u011f\u00fc b\u00fcnyesinde hizmet veren Uluslararas\u0131 Gen\u00e7lik Merkezi, 2025-2026 e\u011fitim-\u00f6\u011fretim y\u0131l\u0131 s\u00f6mestr tatili i\u00e7in kap\u0131lar\u0131n\u0131 ard\u0131na kadar a\u00e7\u0131yor. Gen\u00e7lik ve Spor Bakanl\u0131\u011f\u0131\u2019n\u0131n (GSB) vizyon projesi olan &#8220;Gen\u00e7lik K\u0131\u015f Kul\u00fcb\u00fc&#8221; kapsam\u0131nda haz\u0131rlanan programla, gen\u00e7ler tatili sadece dinlenerek de\u011fil, kendilerini geli\u015ftirerek ge\u00e7irecek.<\/p>\n<p>Programda; resim, seramik, ebru, m\u00fczik ve drama at\u00f6lyeleri \u00f6n plana \u00e7\u0131k\u0131yor. Kitap okuma saatleri ve yazarl\u0131k s\u00f6yle\u015fileriyle desteklenen etkinlikler, gen\u00e7lerin edebiyatla olan ba\u011f\u0131n\u0131 g\u00fc\u00e7lendirirken kendilerini ifade etme yeteneklerine de katk\u0131 sa\u011flayacak.<\/p>\n<p>Program dahilinde; Deneyap Teknoloji At\u00f6lyeleri, Robotik Kodlama uygulamalar\u0131, Uzay ve Havac\u0131l\u0131k \u00e7al\u0131\u015fmalar\u0131, e\u011flenceli bilimsel deneyler ger\u00e7ekle\u015ftirilecek. Bu uygulamal\u0131 \u00e7al\u0131\u015fmalar sayesinde gen\u00e7ler, teorik bilgileri prati\u011fe d\u00f6kerek ke\u015ffetme ve \u00fcretme heyecan\u0131n\u0131 ya\u015fayacak.<br \/><\/p>\n","protected":false},"excerpt":{"rendered":"<p>Mente\u015fe Uluslararas\u0131 Gen\u00e7lik Merkezi, yar\u0131y\u0131l tatilinde \u00e7ocuklar\u0131 ve gen\u00e7leri bilimden sanata, spordan edebiyata kadar uzanan geni\u015f bir etkinlik yelpazesiyle bulu\u015fturuyor. Mente\u015fe Gen\u00e7lik ve Spor \u0130l\u00e7e M\u00fcd\u00fcrl\u00fc\u011f\u00fc b\u00fcnyesinde hizmet veren Uluslararas\u0131 Gen\u00e7lik Merkezi, 2025-2026 e\u011fitim-\u00f6\u011fretim y\u0131l\u0131 s\u00f6mestr tatili i\u00e7in kap\u0131lar\u0131n\u0131 ard\u0131na kadar a\u00e7\u0131yor. Gen\u00e7lik ve Spor Bakanl\u0131\u011f\u0131\u2019n\u0131n (GSB) vizyon projesi olan &#8220;Gen\u00e7lik K\u0131\u015f Kul\u00fcb\u00fc&#8221; kapsam\u0131nda haz\u0131rlanan&#8230;<\/p>\n","protected":false},"author":1,"featured_media":81195,"comment_status":"open","ping_status":"open","sticky":false,"template":"","format":"standard","meta":{"_crdt_document":"","footnotes":""},"categories":[1],"tags":[],"class_list":["post-81194","post","type-post","status-publish","format-standard","has-post-thumbnail","hentry","category-guncel"],"_links":{"self":[{"href":"https:\/\/www.egemtv.com\/index.php?rest_route=\/wp\/v2\/posts\/81194","targetHints":{"allow":["GET"]}}],"collection":[{"href":"https:\/\/www.egemtv.com\/index.php?rest_route=\/wp\/v2\/posts"}],"about":[{"href":"https:\/\/www.egemtv.com\/index.php?rest_route=\/wp\/v2\/types\/post"}],"author":[{"embeddable":true,"href":"https:\/\/www.egemtv.com\/index.php?rest_route=\/wp\/v2\/users\/1"}],"replies":[{"embeddable":true,"href":"https:\/\/www.egemtv.com\/index.php?rest_route=%2Fwp%2Fv2%2Fcomments&post=81194"}],"version-history":[{"count":1,"href":"https:\/\/www.egemtv.com\/index.php?rest_route=\/wp\/v2\/posts\/81194\/revisions"}],"predecessor-version":[{"id":81196,"href":"https:\/\/www.egemtv.com\/index.php?rest_route=\/wp\/v2\/posts\/81194\/revisions\/81196"}],"wp:featuredmedia":[{"embeddable":true,"href":"https:\/\/www.egemtv.com\/index.php?rest_route=\/wp\/v2\/media\/81195"}],"wp:attachment":[{"href":"https:\/\/www.egemtv.com\/index.php?rest_route=%2Fwp%2Fv2%2Fmedia&parent=81194"}],"wp:term":[{"taxonomy":"category","embeddable":true,"href":"https:\/\/www.egemtv.com\/index.php?rest_route=%2Fwp%2Fv2%2Fcategories&post=81194"},{"taxonomy":"post_tag","embeddable":true,"href":"https:\/\/www.egemtv.com\/index.php?rest_route=%2Fwp%2Fv2%2Ftags&post=81194"}],"curies":[{"name":"wp","href":"https:\/\/api.w.org\/{rel}","templated":true}]}}