{"id":81191,"date":"2026-01-16T14:34:58","date_gmt":"2026-01-16T11:34:58","guid":{"rendered":"https:\/\/www.egemtv.com\/?p=81191"},"modified":"2026-01-16T14:35:01","modified_gmt":"2026-01-16T11:35:01","slug":"manisada-266-bin-ogrenci-yariyil-tatiline-basladi","status":"publish","type":"post","link":"https:\/\/www.egemtv.com\/?p=81191","title":{"rendered":"Manisa\u2019da 266 bin \u00f6\u011frenci yar\u0131y\u0131l tatiline ba\u015flad\u0131"},"content":{"rendered":"<p>Manisa genelinde 2025-2026 E\u011fitim \u00d6\u011fretim Y\u0131l\u0131\u2019n\u0131n birinci d\u00f6nemi okullarda d\u00fczenlenen karne t\u00f6renleriyle sona erdi. \u0130lk d\u00f6nemin sona ermesiyle Manisa il genelinde 266 bin 588 \u00f6\u011frenci karne alarak yar\u0131y\u0131l tatiline ba\u015flad\u0131.<br \/>\n<br \/>Manisa il genelinde 20 bin 415 \u00f6\u011fretmenin g\u00f6rev yapt\u0131\u011f\u0131 1174 okul ve e\u011fitim kurumunda e\u011fitim g\u00f6ren 266 bin 588 \u00f6\u011frenci, birinci d\u00f6nem karnelerini alarak yar\u0131y\u0131l tatiline girdi.<\/p>\n<p>Merkezdeki resmi t\u00f6ren Hasan T\u00fcrek Anadolu Lisesinde yap\u0131ld\u0131<br \/>\n<br \/>Manisa\u2019daki resmi karne t\u00f6reni Yunusemre il\u00e7esinde bulunan Hasan T\u00fcrek Anadolu Lisesi\u2019nde ger\u00e7ekle\u015ftirildi.<br \/>\n<br \/>2025-2026 E\u011fitim \u00d6\u011fretim Y\u0131l\u0131\u2019n\u0131n ikinci d\u00f6nemi 2 \u015eubat Pazartesi g\u00fcn\u00fc ba\u015flayacak.<\/p>\n<p>Kulal\u0131 \u00f6\u011frencilerin karne sevinci<br \/>\n<br \/>Kula il\u00e7esinde, okullar\u0131na giderek karnelerini almak i\u00e7in bekleyen \u00f6\u011frenciler, d\u00fczenlenen t\u00f6renlerin ard\u0131ndan \u00f6\u011fretmenlerinin ellerinden karnelerini alman\u0131n mutlulu\u011funu ya\u015fad\u0131. \u0130l\u00e7ede toplamda ise, 5 bin 681 \u00f6\u011frenci karne alarak yar\u0131y\u0131l tatiline girdi. Vali Muzaffer Ecemi\u015f Okulu\u2019nda d\u00fczenlenen karne da\u011f\u0131t\u0131m program\u0131nda konu\u015fan Kula Kaymakam\u0131 Talha Altunta\u015f, yar\u0131y\u0131l tatiline giren t\u00fcm \u00f6\u011frencilere iyi tatiller dileyen Kula Kaymakam\u0131 Talha Altunta\u015f, \u00f6\u011frencilerin dinlenirken ayn\u0131 zamanda kendilerini geli\u015ftirecek etkinliklere kat\u0131lmalar\u0131n\u0131, bol bol kitap okumalar\u0131n\u0131 tavsiye etti.<br \/>\n<br \/>D\u00fczenlenen programa; Kula Kaymakam\u0131 Talha Altunta\u015f, Kula Belediye Ba\u015fkan\u0131 Hikmet D\u00f6nmez, \u0130l\u00e7e Jandarma Komutan\u0131 \u00dcste\u011fmen Bayram Y\u00fcksel, \u0130l\u00e7e Emniyet M\u00fcd\u00fcr\u00fc Secaattin Aktay, \u0130l\u00e7e Milli E\u011fitim M\u00fcd\u00fcr\u00fc Ahmet Ta\u015f\u00e7\u0131, siyasi parti temsilcileri, il\u00e7e protokol\u00fc ve \u00f6\u011frenci velileri kat\u0131ld\u0131.<\/p>\n<p>Sar\u0131g\u00f6l\u2019de 5 bin 272 \u00f6\u011frenci karne ald\u0131<br \/>\n<br \/>Birinci d\u00f6nem karne da\u011f\u0131t\u0131m t\u00f6reni, Sar\u0131g\u00f6l Bahad\u0131rlar H\u00fcseyin Ke\u015fkeko\u011flu \u0130lkokulu\u2019nda d\u00fczenlendi. Kaymakam Dalak ve \u0130l\u00e7e Milli E\u011fitim M\u00fcd\u00fcr\u00fc Y\u0131ld\u0131rak, s\u0131n\u0131flar\u0131 dola\u015farak \u00f6\u011frencilere karnelerini da\u011f\u0131tt\u0131 ve karne heyecan\u0131na ortak oldu.<br \/>\n<br \/>T\u00f6rende konu\u015fan Sar\u0131g\u00f6l Kaymakam\u0131 Halil Dalak, karnenin \u00f6\u011frenciler i\u00e7in \u00f6nemli bir belge oldu\u011funu belirterek, &#8220;Karne, \u00f6\u011frencilerimiz i\u00e7in \u00f6nemli bir belgedir. \u0130nan\u0131yorum ki karnesinde zay\u0131f notu olan \u00f6\u011frencilerimiz daha \u00e7ok \u00e7al\u0131\u015farak bunlar\u0131 d\u00fczelteceklerdir. Bizler de \u00f6\u011frenciyken ayn\u0131 heyecan\u0131 ya\u015fad\u0131k. T\u00fcm \u00f6\u011frencilerimize hay\u0131rl\u0131 olsun&#8221; dedi.<br \/>\n<br \/>\u0130l\u00e7e Milli E\u011fitim M\u00fcd\u00fcr\u00fc Cezmi Y\u0131ld\u0131rak ise bir d\u00f6nemin daha emek ve \u00f6zveriyle tamamland\u0131\u011f\u0131n\u0131 ifade ederek, &#8220;\u0130l\u00e7emizde 5 bin 272 \u00f6\u011frencimiz bu eme\u011fin bir g\u00f6stergesi olarak karnelerini ald\u0131. \u00d6\u011frencilerimizi gayretlerinden dolay\u0131 kutluyor, her zaman destek olan velilerimize ve b\u00fcy\u00fck bir fedakarl\u0131kla g\u00f6rev yapan \u00f6\u011fretmenlerimize g\u00f6n\u00fclden te\u015fekk\u00fcr ediyorum&#8221; diye konu\u015ftu.<br \/>\n<br \/>Y\u0131ld\u0131rak s\u00f6zlerini \u015f\u00f6yle s\u00fcrd\u00fcrd\u00fc: &#8220;Karne, sadece bir sonu\u00e7 de\u011fil; \u00f6\u011frenme yolculu\u011funda at\u0131lan \u00f6nemli bir ad\u0131md\u0131r. Bu yar\u0131y\u0131l tatilinin, g\u00fczel il\u00e7emiz Sar\u0131g\u00f6l\u2019\u00fcn huzurlu ortam\u0131nda dinlenmeye, yenilenmeye ve ailelerle kaliteli zaman ge\u00e7irmeye vesile olmas\u0131n\u0131 diliyorum. T\u00fcm \u00f6\u011frencilerimize sa\u011fl\u0131kl\u0131, mutlu ve verimli bir tatil temenni ediyorum.&#8221;<br \/>\n<br \/>T\u00f6rene Sar\u0131g\u00f6l Kaymakam\u0131 Halil Dalak, \u0130l\u00e7e Milli E\u011fitim M\u00fcd\u00fcr\u00fc Cezmi Y\u0131ld\u0131rak, okul idarecileri, \u00f6\u011fretmenler ve \u00f6\u011frenciler kat\u0131ld\u0131.<br \/><\/p>\n","protected":false},"excerpt":{"rendered":"<p>Manisa genelinde 2025-2026 E\u011fitim \u00d6\u011fretim Y\u0131l\u0131\u2019n\u0131n birinci d\u00f6nemi okullarda d\u00fczenlenen karne t\u00f6renleriyle sona erdi. \u0130lk d\u00f6nemin sona ermesiyle Manisa il genelinde 266 bin 588 \u00f6\u011frenci karne alarak yar\u0131y\u0131l tatiline ba\u015flad\u0131. Manisa il genelinde 20 bin 415 \u00f6\u011fretmenin g\u00f6rev yapt\u0131\u011f\u0131 1174 okul ve e\u011fitim kurumunda e\u011fitim g\u00f6ren 266 bin 588 \u00f6\u011frenci, birinci d\u00f6nem karnelerini alarak yar\u0131y\u0131l&#8230;<\/p>\n","protected":false},"author":1,"featured_media":81192,"comment_status":"open","ping_status":"open","sticky":false,"template":"","format":"standard","meta":{"_crdt_document":"","footnotes":""},"categories":[1],"tags":[],"class_list":["post-81191","post","type-post","status-publish","format-standard","has-post-thumbnail","hentry","category-guncel"],"_links":{"self":[{"href":"https:\/\/www.egemtv.com\/index.php?rest_route=\/wp\/v2\/posts\/81191","targetHints":{"allow":["GET"]}}],"collection":[{"href":"https:\/\/www.egemtv.com\/index.php?rest_route=\/wp\/v2\/posts"}],"about":[{"href":"https:\/\/www.egemtv.com\/index.php?rest_route=\/wp\/v2\/types\/post"}],"author":[{"embeddable":true,"href":"https:\/\/www.egemtv.com\/index.php?rest_route=\/wp\/v2\/users\/1"}],"replies":[{"embeddable":true,"href":"https:\/\/www.egemtv.com\/index.php?rest_route=%2Fwp%2Fv2%2Fcomments&post=81191"}],"version-history":[{"count":1,"href":"https:\/\/www.egemtv.com\/index.php?rest_route=\/wp\/v2\/posts\/81191\/revisions"}],"predecessor-version":[{"id":81193,"href":"https:\/\/www.egemtv.com\/index.php?rest_route=\/wp\/v2\/posts\/81191\/revisions\/81193"}],"wp:featuredmedia":[{"embeddable":true,"href":"https:\/\/www.egemtv.com\/index.php?rest_route=\/wp\/v2\/media\/81192"}],"wp:attachment":[{"href":"https:\/\/www.egemtv.com\/index.php?rest_route=%2Fwp%2Fv2%2Fmedia&parent=81191"}],"wp:term":[{"taxonomy":"category","embeddable":true,"href":"https:\/\/www.egemtv.com\/index.php?rest_route=%2Fwp%2Fv2%2Fcategories&post=81191"},{"taxonomy":"post_tag","embeddable":true,"href":"https:\/\/www.egemtv.com\/index.php?rest_route=%2Fwp%2Fv2%2Ftags&post=81191"}],"curies":[{"name":"wp","href":"https:\/\/api.w.org\/{rel}","templated":true}]}}