{"id":81188,"date":"2026-01-16T14:14:46","date_gmt":"2026-01-16T11:14:46","guid":{"rendered":"https:\/\/www.egemtv.com\/?p=81188"},"modified":"2026-01-16T14:14:47","modified_gmt":"2026-01-16T11:14:47","slug":"afyonkarahisarda-143-bin-ogrenci-yariyil-tatiline-girdi","status":"publish","type":"post","link":"https:\/\/www.egemtv.com\/?p=81188","title":{"rendered":"Afyonkarahisar\u2019da 143 bin \u00f6\u011frenci yar\u0131y\u0131l tatiline girdi"},"content":{"rendered":"<p>Afyonkarahisar\u2019da ger\u00e7ekle\u015ftirilen karne t\u00f6reni ile 143 bin \u00f6\u011frenci yar\u0131y\u0131l tatiline girdi.<br \/>\n<br \/>Kentte karne t\u00f6reni Ak\u00e7in \u0130lkokulu\u2019nda ger\u00e7ekle\u015ftirildi. T\u00f6rene Vali Yard\u0131mc\u0131s\u0131 Murat B\u00fcy\u00fckk\u00f6se, \u0130l Milli E\u011fitim M\u00fcd\u00fcr\u00fc Mira\u00e7 S\u00fcnnetci, \u00f6\u011fretmen ve \u00f6\u011frenciler kat\u0131ld\u0131. T\u00f6ren\u2019de konu\u015fan S\u00fcnnetci, kentte 143 bin \u00f6\u011frencinin karnelerini alarak tatile \u00e7\u0131kt\u0131\u011f\u0131n\u0131 kaydederek, &#8220;\u00c7ocuklar\u0131m\u0131za, \u00f6\u011fretmenlerimize ve velilerimize dinlenme vakti. 15 g\u00fcn sonra tekrar bir arada olaca\u011f\u0131z&#8221; dedi.<br \/>\n<br \/>Konu\u015fmalar\u0131n\u0131n ard\u0131ndan \u00f6\u011frencilere karneleri protokol\u00fc \u00fcyeleri taraf\u0131ndan verildi.<br \/><\/p>\n","protected":false},"excerpt":{"rendered":"<p>Afyonkarahisar\u2019da ger\u00e7ekle\u015ftirilen karne t\u00f6reni ile 143 bin \u00f6\u011frenci yar\u0131y\u0131l tatiline girdi. Kentte karne t\u00f6reni Ak\u00e7in \u0130lkokulu\u2019nda ger\u00e7ekle\u015ftirildi. T\u00f6rene Vali Yard\u0131mc\u0131s\u0131 Murat B\u00fcy\u00fckk\u00f6se, \u0130l Milli E\u011fitim M\u00fcd\u00fcr\u00fc Mira\u00e7 S\u00fcnnetci, \u00f6\u011fretmen ve \u00f6\u011frenciler kat\u0131ld\u0131. T\u00f6ren\u2019de konu\u015fan S\u00fcnnetci, kentte 143 bin \u00f6\u011frencinin karnelerini alarak tatile \u00e7\u0131kt\u0131\u011f\u0131n\u0131 kaydederek, &#8220;\u00c7ocuklar\u0131m\u0131za, \u00f6\u011fretmenlerimize ve velilerimize dinlenme vakti. 15 g\u00fcn sonra tekrar bir&#8230;<\/p>\n","protected":false},"author":1,"featured_media":81189,"comment_status":"open","ping_status":"open","sticky":false,"template":"","format":"standard","meta":{"_crdt_document":"","footnotes":""},"categories":[1],"tags":[],"class_list":["post-81188","post","type-post","status-publish","format-standard","has-post-thumbnail","hentry","category-guncel"],"_links":{"self":[{"href":"https:\/\/www.egemtv.com\/index.php?rest_route=\/wp\/v2\/posts\/81188","targetHints":{"allow":["GET"]}}],"collection":[{"href":"https:\/\/www.egemtv.com\/index.php?rest_route=\/wp\/v2\/posts"}],"about":[{"href":"https:\/\/www.egemtv.com\/index.php?rest_route=\/wp\/v2\/types\/post"}],"author":[{"embeddable":true,"href":"https:\/\/www.egemtv.com\/index.php?rest_route=\/wp\/v2\/users\/1"}],"replies":[{"embeddable":true,"href":"https:\/\/www.egemtv.com\/index.php?rest_route=%2Fwp%2Fv2%2Fcomments&post=81188"}],"version-history":[{"count":1,"href":"https:\/\/www.egemtv.com\/index.php?rest_route=\/wp\/v2\/posts\/81188\/revisions"}],"predecessor-version":[{"id":81190,"href":"https:\/\/www.egemtv.com\/index.php?rest_route=\/wp\/v2\/posts\/81188\/revisions\/81190"}],"wp:featuredmedia":[{"embeddable":true,"href":"https:\/\/www.egemtv.com\/index.php?rest_route=\/wp\/v2\/media\/81189"}],"wp:attachment":[{"href":"https:\/\/www.egemtv.com\/index.php?rest_route=%2Fwp%2Fv2%2Fmedia&parent=81188"}],"wp:term":[{"taxonomy":"category","embeddable":true,"href":"https:\/\/www.egemtv.com\/index.php?rest_route=%2Fwp%2Fv2%2Fcategories&post=81188"},{"taxonomy":"post_tag","embeddable":true,"href":"https:\/\/www.egemtv.com\/index.php?rest_route=%2Fwp%2Fv2%2Ftags&post=81188"}],"curies":[{"name":"wp","href":"https:\/\/api.w.org\/{rel}","templated":true}]}}