{"id":81185,"date":"2026-01-16T14:14:45","date_gmt":"2026-01-16T11:14:45","guid":{"rendered":"https:\/\/www.egemtv.com\/?p=81185"},"modified":"2026-01-16T14:14:46","modified_gmt":"2026-01-16T11:14:46","slug":"baskan-balaban-2025-yilini-degerlendirdi","status":"publish","type":"post","link":"https:\/\/www.egemtv.com\/?p=81185","title":{"rendered":"Ba\u015fkan Balaban 2025 y\u0131l\u0131n\u0131 de\u011ferlendirdi"},"content":{"rendered":"<p>Yunusemre Belediye Ba\u015fkan\u0131 Semih Balaban, 2026\u2019n\u0131n ilk bas\u0131n toplant\u0131s\u0131nda belediyenin \u00e7al\u0131\u015fmalar\u0131n\u0131 anlatt\u0131. 2025 y\u0131l\u0131n\u0131n kay\u0131plarla ge\u00e7ti\u011fini vurgulayan Ba\u015fkan Balaban, &#8220;Unutamayaca\u011f\u0131m\u0131z ama ac\u0131lar anlam\u0131nda unutmak istedi\u011fimiz bir y\u0131l oldu&#8221; dedi.<br \/>\n<br \/>Yunusemre Belediye Ba\u015fkan\u0131 Semih Balaban, 2026 y\u0131l\u0131n\u0131n ilk ola\u011fan bas\u0131n toplant\u0131s\u0131n\u0131 yapt\u0131. 2025 y\u0131l\u0131n\u0131n kendileri i\u00e7in zor ve kay\u0131plarla dolu bir y\u0131l oldu\u011funun alt\u0131n\u0131 \u00e7izen Ba\u015fkan Balaban, toplant\u0131da belediye olarak yapt\u0131klar\u0131 \u00e7al\u0131\u015fmalar\u0131 anlatt\u0131, g\u00fcndemi de\u011ferlendirdi. Ba\u015fkan yard\u0131mc\u0131lar\u0131n\u0131n da kat\u0131ld\u0131\u011f\u0131 toplant\u0131da konu\u015fan Belediye Ba\u015fkan\u0131 Balaban, &#8220;2025 y\u0131l\u0131 bizim i\u00e7in ne yaz\u0131k ki \u00e7ok zor bir y\u0131l oldu. Duygulanarak ifade ediyorum; bu y\u0131l ard\u0131 ard\u0131na gen\u00e7 kay\u0131plar ya\u015fad\u0131k. Ferdi Ba\u015fkan\u0131m\u0131z\u0131 kaybettik. \u0130l ba\u015fkan yard\u0131mc\u0131m\u0131z Dilek karde\u015fimizin o\u011flu Cemre\u2019yi, il ba\u015fkan yard\u0131mc\u0131m\u0131z Kemal Kaplan a\u011fabeyimizin evlad\u0131, benim de \u00f6\u011frencim olan \u00c7i\u011fdem k\u0131z\u0131m\u0131z\u0131 kaybettik. Gen\u00e7lik kollar\u0131nda ve partimizde b\u00fcy\u00fck emekleri olan G\u00fcl\u015fah Durbay Ba\u015fkan\u0131m\u0131z\u0131 da ne yaz\u0131k ki yitirdik. 2025, unutamayaca\u011f\u0131m\u0131z ama ac\u0131lar anlam\u0131nda unutmak istedi\u011fimiz bir y\u0131l oldu. Kaybetti\u011fimiz t\u00fcm yol arkada\u015flar\u0131m\u0131z\u0131n an\u0131lar\u0131 \u00f6n\u00fcnde sayg\u0131yla e\u011filiyorum. Bu gen\u00e7 \u00f6l\u00fcmlerin bir daha ya\u015fanmamas\u0131 i\u00e7in Allah\u2019a dua ediyorum. Ne yaz\u0131k ki 2026\u2019ya da ac\u0131yla girdik. Ala\u015fehir\u2019de Manisa B\u00fcy\u00fck\u015fehir Belediyemizin MASK\u0130 Koordinat\u00f6r\u00fc olan gen\u00e7 bir arkada\u015f\u0131m\u0131z\u0131 daha kaybettik. Bir kez daha ba\u015f\u0131m\u0131z sa\u011f olsun. Bu ac\u0131lar kalbimize kaz\u0131nd\u0131; unutmak istesek de hi\u00e7bir zaman unutamayaca\u011f\u0131z&#8221; diye konu\u015ftu.<br \/>\n<br \/>Konu\u015fmas\u0131nda \u015eehzadeler Belediye Ba\u015fkan\u0131 Hakan \u015eim\u015fek\u2019e de g\u00f6revinde ba\u015far\u0131lar dileyen Ba\u015fkan Balaban, &#8220;Hayat devam ediyor. G\u00fcl\u015fah Durbay Ba\u015fkan\u0131m\u0131z\u0131n ard\u0131ndan g\u00f6reve gelen Hakan \u015eim\u015fek karde\u015fime ba\u015far\u0131lar diliyorum. Liyakatli, \u00e7al\u0131\u015fkan bir yol arkada\u015f\u0131m\u0131zd\u0131r. Bu g\u00f6revin alt\u0131ndan ba\u015far\u0131yla kalkaca\u011f\u0131na y\u00fcrekten inan\u0131yorum. Ba\u015fkan yard\u0131mc\u0131l\u0131\u011f\u0131 g\u00f6revine getirilen Emre Esenkaya ve M\u00fcmin Y\u0131lmaz karde\u015flerime de ba\u015far\u0131lar diliyorum. G\u00f6rev de\u011fi\u015fikli\u011fi nedeniyle An\u0131l Ceylan ve Onur Ceylan\u2019a da emekleri i\u00e7in te\u015fekk\u00fcr ediyorum. Partimiz a\u00e7\u0131s\u0131ndan \u00e7ok zor bir s\u00fcre\u00e7 ya\u015fad\u0131k. Ayn\u0131 kentte, alt\u0131 ay arayla iki se\u00e7ilmi\u015f belediye ba\u015fkan\u0131n\u0131 kaybettik. Bir kez daha rahmetle ve sayg\u0131yla an\u0131yorum&#8221; dedi.<\/p>\n<p>Kre\u015fler, emekli ve gen\u00e7lik kafe hizmete girdi<br \/>\n<br \/>Y\u00fcr\u00fct\u00fclen \u00e7al\u0131\u015fmalara ili\u015fkin bas\u0131n mensuplar\u0131n\u0131 bilgilendiren Belediye Ba\u015fkan\u0131 Balaban \u015f\u00f6yle konu\u015ftu: &#8220;Yunusemre Belediyesi olarak t\u00fcm olumsuzluklara ra\u011fmen iyi i\u015fler yapmaya devam ediyoruz. Bu ko\u015fullarda yap\u0131lan her i\u015f k\u0131ymetlidir. Eme\u011fi ge\u00e7en herkese te\u015fekk\u00fcr ediyorum. Genel Ba\u015fkan\u0131m\u0131z \u00d6zg\u00fcr \u00d6zel\u2019in Saruhanl\u0131\u2019da verdi\u011fi mesaj son derece de\u011ferlidir. Kutupla\u015fma yerine kucakla\u015fmay\u0131 esas alan bu yakla\u015f\u0131m do\u011frultusunda, bundan sonra yapaca\u011f\u0131m\u0131z t\u00fcm etkinliklere AK Parti ve MHP\u2019nin il ve il\u00e7e y\u00f6neticilerini davet edece\u011fiz. Biz de davet edildi\u011fimiz her yere gidece\u011fiz. Genel Ba\u015fkan\u0131m\u0131zla planlad\u0131\u011f\u0131m\u0131z toplu a\u00e7\u0131l\u0131\u015f t\u00f6renini, G\u00fcl\u015fah Durbay Ba\u015fkan\u0131m\u0131z\u0131n vefat\u0131 nedeniyle ileri bir tarihe erteledik. Bu kapsamda; s\u00f6z verdi\u011fimiz d\u00f6rt kre\u015fin tamam\u0131n\u0131 a\u00e7t\u0131k ve faaliyete ge\u00e7irdik. Emekli Kafe\u2019yi hizmete a\u00e7t\u0131k; b\u00fcy\u00fck bir memnuniyet g\u00f6rd\u00fck. Gen\u00e7lik Kafe\u2019yi d\u00f6n\u00fc\u015ft\u00fcrerek gen\u00e7lerimizin uygun fiyatlarla vakit ge\u00e7irebilece\u011fi bir alan haline getirdik. Bug\u00fcn emeklilerimiz, gen\u00e7ler \u00e7ay\u0131 5 liraya, kahveyi 10 liraya i\u00e7ebiliyor. Belediyecilik tam olarak budur; halk\u0131n paras\u0131na de\u011fer katmakt\u0131r&#8221;<\/p>\n<p>Sokak hayvanlar\u0131 ile ilgili \u015fikayetler y\u00fczde 90 azald\u0131<br \/>\n<br \/>Sokak hayvanlar\u0131 konusundaki \u00e7al\u0131\u015fmalar\u0131 aktaran Ba\u015fkan Balaban, &#8220;Hayvan Ya\u015fam Merkezi sayesinde \u015fik\u00e2yetler y\u00fczde 90 oran\u0131nda azald\u0131. \u015eehzadeler Belediyesi\u2019nin de kat\u0131l\u0131m\u0131yla, B\u00fcy\u00fck\u015fehir Belediyemizin \u00f6nc\u00fcl\u00fc\u011f\u00fcnde \u00fc\u00e7l\u00fc bir i\u015f birli\u011fi olu\u015fturduk. Sar\u0131alan kapat\u0131l\u0131yor; modernize edilmeden yeniden a\u00e7\u0131lmayacak. Bu s\u00fcre\u00e7te eme\u011fi ge\u00e7en herkese te\u015fekk\u00fcr ediyorum. Biz bu konuda ta\u015f\u0131n alt\u0131na elimizi de\u011fil, g\u00f6vdemizi koyduk. \u0130nsana ve t\u00fcm canl\u0131lara yat\u0131r\u0131m yapt\u0131k&#8221; dedi.<br \/>\n<br \/>\u00c7e\u015fitli spor bran\u015flar\u0131nda dereceler elde ederek ba\u015far\u0131lar\u0131 artt\u0131rd\u0131klar\u0131n\u0131 ifade eden Ba\u015fkan Balaban, &#8220;2024\u2019te 43 olan alt\u0131n madalya say\u0131m\u0131z\u0131 2025\u2019te 60\u2019a \u00e7\u0131kard\u0131k. Tak\u0131m kupas\u0131 say\u0131m\u0131z 19\u2019dan 34\u2019e y\u00fckseldi. Kad\u0131n sporcu say\u0131m\u0131z 400\u2019den 1600\u2019e \u00e7\u0131kt\u0131. Judo tak\u0131m\u0131m\u0131z S\u00fcper Lig\u2019e y\u00fckseldi. Down sendromlu \u00e7ocuklar\u0131m\u0131z\u0131 da spora kazand\u0131rd\u0131k&#8221; diye konu\u015ftu.<\/p>\n<p>&#8220;Bor\u00e7lar\u0131m\u0131z\u0131 azaltt\u0131k&#8221;<br \/>\n<br \/>Belediyeye ait \u00f6nemli bor\u00e7lar\u0131 azaltt\u0131klar\u0131n\u0131 belirten Ba\u015fkan Balaban, &#8220;Horozk\u00f6y\u2019de a\u00e7aca\u011f\u0131m\u0131z Kad\u0131n Kafe\u2019ye, G\u00fcl\u015fah Durbay Kad\u0131n Kafe ad\u0131n\u0131 verdik. Kad\u0131nlar\u0131m\u0131z burada da uygun fiyatlarla sosyalle\u015febilecek. GES yat\u0131r\u0131m\u0131 sayesinde Gediz A\u015e\u2019ye olan 30 milyon liral\u0131k borcumuzu s\u0131f\u0131rlad\u0131k. Piyasa ve banka bor\u00e7lar\u0131m\u0131z\u0131 azaltt\u0131k. Son \u00fc\u00e7 ayd\u0131r maa\u015flar\u0131m\u0131z\u0131 erken \u00f6d\u00fcyoruz. Ne i\u015f\u00e7imize ne memurumuza tek kuru\u015f borcumuz yok. Sosyal medyada Manisa\u2019da en \u00e7ok etkile\u015fim alan belediye olduk. Personel say\u0131m\u0131z \u015fu an 1724\u2019t\u00fcr ve bunun tamam\u0131 \u015feffaf bi\u00e7imde kay\u0131tl\u0131d\u0131r. Yeni a\u00e7\u0131lan hizmet alanlar\u0131 nedeniyle istihdam art\u0131\u015f\u0131 do\u011fald\u0131r. Biz her zaman \u015feffafl\u0131ktan, samimiyetten ve d\u00fcr\u00fcstl\u00fckten yana olduk. Halk\u0131m\u0131za asla yalan s\u00f6ylemedik, s\u00f6ylemeyece\u011fiz. Hata yaparsak \u00e7\u0131k\u0131p \u00f6z\u00fcr dilemeyi biliriz&#8221; ifadelerini kulland\u0131.<br \/>\n<br \/>2026 y\u0131l\u0131nda bir \u00e7ok \u00f6nemli projeye imza atacaklar\u0131 mesaj\u0131n\u0131 veren Ba\u015fkan Balaban, &#8220;2026 y\u0131l\u0131nda da \u00f6nemli projelerimiz olacak. Ramazan etkinliklerini ge\u00e7en y\u0131ldan daha g\u00fc\u00e7l\u00fc \u015fekilde ger\u00e7ekle\u015ftirece\u011fiz. Sosyal hizmetlerimiz, k\u00fclt\u00fcrel etkinliklerimiz ve gezilerimiz artarak devam edecek. Bor\u00e7lar\u0131m\u0131z tamamen bitmedi; \u00f6zellikle SSK borcumuz devam ediyor. Ancak piyasa bor\u00e7lar\u0131n\u0131 b\u00fcy\u00fck \u00f6l\u00e7\u00fcde azaltt\u0131k. Yeni kaynaklar yaratarak bu s\u00fcreci 2029\u2019a kadar y\u00f6netmekte kararl\u0131y\u0131z. Muradiye\u2019de pazar yerini ta\u015f\u0131yaca\u011f\u0131z, ye\u015fil alan ve yeni projeler hayata ge\u00e7irece\u011fiz. 2026\u2019da Muradiye\u2019ye taziye evi ve hal\u0131 saha kazand\u0131raca\u011f\u0131z. Turizmde Aigai, Yo\u011furt\u00e7u Kalesi ve \u00e7evresini kapsayan bir destinasyon planl\u0131yoruz. Bu konuda turizmcileri de i\u015f birli\u011fine davet ediyorum. Belediyenin amac\u0131 maddi kazan\u00e7 de\u011fil, Yunusemre\u2019nin tan\u0131t\u0131m\u0131d\u0131r. \u0130yi yap\u0131lan her i\u015fi kim yaparsa yaps\u0131n alk\u0131\u015flar\u0131z, te\u015fekk\u00fcr ederiz. \u00d6nemli olan halk\u0131n yarar\u0131d\u0131r&#8221; dedi.<br \/><\/p>\n","protected":false},"excerpt":{"rendered":"<p>Yunusemre Belediye Ba\u015fkan\u0131 Semih Balaban, 2026\u2019n\u0131n ilk bas\u0131n toplant\u0131s\u0131nda belediyenin \u00e7al\u0131\u015fmalar\u0131n\u0131 anlatt\u0131. 2025 y\u0131l\u0131n\u0131n kay\u0131plarla ge\u00e7ti\u011fini vurgulayan Ba\u015fkan Balaban, &#8220;Unutamayaca\u011f\u0131m\u0131z ama ac\u0131lar anlam\u0131nda unutmak istedi\u011fimiz bir y\u0131l oldu&#8221; dedi. Yunusemre Belediye Ba\u015fkan\u0131 Semih Balaban, 2026 y\u0131l\u0131n\u0131n ilk ola\u011fan bas\u0131n toplant\u0131s\u0131n\u0131 yapt\u0131. 2025 y\u0131l\u0131n\u0131n kendileri i\u00e7in zor ve kay\u0131plarla dolu bir y\u0131l oldu\u011funun alt\u0131n\u0131 \u00e7izen Ba\u015fkan&#8230;<\/p>\n","protected":false},"author":1,"featured_media":81186,"comment_status":"open","ping_status":"open","sticky":false,"template":"","format":"standard","meta":{"_crdt_document":"","footnotes":""},"categories":[1],"tags":[],"class_list":["post-81185","post","type-post","status-publish","format-standard","has-post-thumbnail","hentry","category-guncel"],"_links":{"self":[{"href":"https:\/\/www.egemtv.com\/index.php?rest_route=\/wp\/v2\/posts\/81185","targetHints":{"allow":["GET"]}}],"collection":[{"href":"https:\/\/www.egemtv.com\/index.php?rest_route=\/wp\/v2\/posts"}],"about":[{"href":"https:\/\/www.egemtv.com\/index.php?rest_route=\/wp\/v2\/types\/post"}],"author":[{"embeddable":true,"href":"https:\/\/www.egemtv.com\/index.php?rest_route=\/wp\/v2\/users\/1"}],"replies":[{"embeddable":true,"href":"https:\/\/www.egemtv.com\/index.php?rest_route=%2Fwp%2Fv2%2Fcomments&post=81185"}],"version-history":[{"count":1,"href":"https:\/\/www.egemtv.com\/index.php?rest_route=\/wp\/v2\/posts\/81185\/revisions"}],"predecessor-version":[{"id":81187,"href":"https:\/\/www.egemtv.com\/index.php?rest_route=\/wp\/v2\/posts\/81185\/revisions\/81187"}],"wp:featuredmedia":[{"embeddable":true,"href":"https:\/\/www.egemtv.com\/index.php?rest_route=\/wp\/v2\/media\/81186"}],"wp:attachment":[{"href":"https:\/\/www.egemtv.com\/index.php?rest_route=%2Fwp%2Fv2%2Fmedia&parent=81185"}],"wp:term":[{"taxonomy":"category","embeddable":true,"href":"https:\/\/www.egemtv.com\/index.php?rest_route=%2Fwp%2Fv2%2Fcategories&post=81185"},{"taxonomy":"post_tag","embeddable":true,"href":"https:\/\/www.egemtv.com\/index.php?rest_route=%2Fwp%2Fv2%2Ftags&post=81185"}],"curies":[{"name":"wp","href":"https:\/\/api.w.org\/{rel}","templated":true}]}}