{"id":81182,"date":"2026-01-16T14:14:44","date_gmt":"2026-01-16T11:14:44","guid":{"rendered":"https:\/\/www.egemtv.com\/?p=81182"},"modified":"2026-01-16T14:14:45","modified_gmt":"2026-01-16T11:14:45","slug":"genc-ar-ge-istisare-toplantisi-gerceklestirildi","status":"publish","type":"post","link":"https:\/\/www.egemtv.com\/?p=81182","title":{"rendered":"Gen\u00e7 Ar-Ge \u0130sti\u015fare Toplant\u0131s\u0131 ger\u00e7ekle\u015ftirildi"},"content":{"rendered":"<p>Afyonkarahisar \u0130l Milli E\u011fitim M\u00fcd\u00fcrl\u00fc\u011f\u00fc koordinesinde y\u00fcr\u00fct\u00fclen Gen\u00e7 Ar-Ge \u00e7al\u0131\u015fmalar\u0131 \u00e7er\u00e7evesinde, \u00f6\u011frencilerin g\u00f6r\u00fc\u015f ve \u00f6nerilerinin al\u0131nmas\u0131na y\u00f6nelik isti\u015fare toplant\u0131s\u0131 ger\u00e7ekle\u015ftirildi.<br \/>\n<br \/>\u0130l Milli E\u011fitim M\u00fcd\u00fcr\u00fc Mira\u00e7 S\u00fcnnetci\u2019nin ba\u015fkanl\u0131\u011f\u0131nda d\u00fczenlenen toplant\u0131ya M\u00fcd\u00fcr Yard\u0131mc\u0131s\u0131 Musa Din\u00e7gez, \u015eube M\u00fcd\u00fcr\u00fc Hayati Duman, Ar-Ge ekibi ile 6 lise d\u00fczeyinden Gen\u00e7 Ar-Ge ekiplerinde 8 \u00f6\u011fretmen ve 20 \u00f6\u011frenci  kat\u0131ld\u0131.<br \/>\n<br \/>Toplant\u0131da konu\u015fan S\u00fcnnetci, ele al\u0131nan proje ba\u015fl\u0131klar\u0131 \u00fczerinde Gen\u00e7 Ar-Ge \u00f6\u011frencilerinden gelecek g\u00f6r\u00fc\u015f ve \u00f6nerilerin son derece k\u0131ymetli oldu\u011funu, gen\u00e7lerin bak\u0131\u015f a\u00e7\u0131s\u0131n\u0131n projelere y\u00f6n vermede belirleyici bir rol \u00fcstlendi\u011fini ifade etti. S\u00fcnnetci, &#8220;T\u00fcket, De\u011fer Kat, Ya\u015fat\u2019 anlay\u0131\u015f\u0131yla y\u00fcr\u00fct\u00fclen \u00e7al\u0131\u015fmalar\u0131n; gen\u00e7lerin sadece t\u00fcketen de\u011fil, \u00fcreten, sorgulayan ve ya\u015fad\u0131\u011f\u0131 \u00e7evreye de\u011fer katan bireyler olarak yeti\u015fmesine katk\u0131 sunulmal\u0131&#8221; dedi.<br \/><\/p>\n","protected":false},"excerpt":{"rendered":"<p>Afyonkarahisar \u0130l Milli E\u011fitim M\u00fcd\u00fcrl\u00fc\u011f\u00fc koordinesinde y\u00fcr\u00fct\u00fclen Gen\u00e7 Ar-Ge \u00e7al\u0131\u015fmalar\u0131 \u00e7er\u00e7evesinde, \u00f6\u011frencilerin g\u00f6r\u00fc\u015f ve \u00f6nerilerinin al\u0131nmas\u0131na y\u00f6nelik isti\u015fare toplant\u0131s\u0131 ger\u00e7ekle\u015ftirildi. \u0130l Milli E\u011fitim M\u00fcd\u00fcr\u00fc Mira\u00e7 S\u00fcnnetci\u2019nin ba\u015fkanl\u0131\u011f\u0131nda d\u00fczenlenen toplant\u0131ya M\u00fcd\u00fcr Yard\u0131mc\u0131s\u0131 Musa Din\u00e7gez, \u015eube M\u00fcd\u00fcr\u00fc Hayati Duman, Ar-Ge ekibi ile 6 lise d\u00fczeyinden Gen\u00e7 Ar-Ge ekiplerinde 8 \u00f6\u011fretmen ve 20 \u00f6\u011frenci kat\u0131ld\u0131. Toplant\u0131da konu\u015fan S\u00fcnnetci,&#8230;<\/p>\n","protected":false},"author":1,"featured_media":81183,"comment_status":"open","ping_status":"open","sticky":false,"template":"","format":"standard","meta":{"_crdt_document":"","footnotes":""},"categories":[1],"tags":[],"class_list":["post-81182","post","type-post","status-publish","format-standard","has-post-thumbnail","hentry","category-guncel"],"_links":{"self":[{"href":"https:\/\/www.egemtv.com\/index.php?rest_route=\/wp\/v2\/posts\/81182","targetHints":{"allow":["GET"]}}],"collection":[{"href":"https:\/\/www.egemtv.com\/index.php?rest_route=\/wp\/v2\/posts"}],"about":[{"href":"https:\/\/www.egemtv.com\/index.php?rest_route=\/wp\/v2\/types\/post"}],"author":[{"embeddable":true,"href":"https:\/\/www.egemtv.com\/index.php?rest_route=\/wp\/v2\/users\/1"}],"replies":[{"embeddable":true,"href":"https:\/\/www.egemtv.com\/index.php?rest_route=%2Fwp%2Fv2%2Fcomments&post=81182"}],"version-history":[{"count":1,"href":"https:\/\/www.egemtv.com\/index.php?rest_route=\/wp\/v2\/posts\/81182\/revisions"}],"predecessor-version":[{"id":81184,"href":"https:\/\/www.egemtv.com\/index.php?rest_route=\/wp\/v2\/posts\/81182\/revisions\/81184"}],"wp:featuredmedia":[{"embeddable":true,"href":"https:\/\/www.egemtv.com\/index.php?rest_route=\/wp\/v2\/media\/81183"}],"wp:attachment":[{"href":"https:\/\/www.egemtv.com\/index.php?rest_route=%2Fwp%2Fv2%2Fmedia&parent=81182"}],"wp:term":[{"taxonomy":"category","embeddable":true,"href":"https:\/\/www.egemtv.com\/index.php?rest_route=%2Fwp%2Fv2%2Fcategories&post=81182"},{"taxonomy":"post_tag","embeddable":true,"href":"https:\/\/www.egemtv.com\/index.php?rest_route=%2Fwp%2Fv2%2Ftags&post=81182"}],"curies":[{"name":"wp","href":"https:\/\/api.w.org\/{rel}","templated":true}]}}