{"id":81179,"date":"2026-01-16T13:54:41","date_gmt":"2026-01-16T10:54:41","guid":{"rendered":"https:\/\/www.egemtv.com\/?p=81179"},"modified":"2026-01-16T13:54:42","modified_gmt":"2026-01-16T10:54:42","slug":"merkezefendi-kis-festivalinde-eglence-devam-ediyor","status":"publish","type":"post","link":"https:\/\/www.egemtv.com\/?p=81179","title":{"rendered":"Merkezefendi K\u0131\u015f Festivalinde e\u011flence devam ediyor"},"content":{"rendered":"<p>Merkezefendi Belediyesi taraf\u0131ndan d\u00fczenlenen K\u0131\u015f Festivali, k\u0131\u015f aylar\u0131n\u0131n so\u011fuk g\u00fcnlerinde vatanda\u015flar\u0131 m\u00fczik ve e\u011flenceyle bulu\u015fturuyor. Merkezefendi Belediye Ba\u015fkan\u0131 \u015eeniz Do\u011fan, &#8220;T\u00fcm hem\u015fehrilerimizi bu keyfe ortak olmaya saat 20.30\u2019de Merkezefendi K\u00fclt\u00fcr Merkezi\u2019mizin yan\u0131ndaki festivalimize bekliyoruz&#8221; dedi.<\/p>\n<p>Merkezefendi K\u00fclt\u00fcr Merkezi\u2019nin yan\u0131nda olu\u015fturulan festival alan\u0131nda yapay kar ya\u011f\u0131\u015f\u0131n\u0131n alt\u0131nda, 16 Ocak Cuma g\u00fcn\u00fc saat 20.30\u2019da DJ S\u00fcleyman Ata\u015f, 17 Ocak Cumartesi g\u00fcn\u00fc 20.30\u2019da &#8220;80-90\u2019s Nowadays&#8221; grubu ve 18 Ocak Pazar g\u00fcn\u00fc saat 20.00\u2019de DJ Berfu sahne alarak performanslar\u0131yla festivale renk katacak. Her ya\u015ftan vatanda\u015fa hitap eden etkinliklerde, DJ\u2019ler sahne alarak m\u00fczik dolu ak\u015fam ve festival alan\u0131na yapay kar ya\u011f\u0131\u015f\u0131 ya\u011fd\u0131rarak keyifli bir ak\u015fam ya\u015fatacak.<\/p>\n<p>Merkezefendi Belediye K\u0131\u015f Festivali alan\u0131nda Buz Pateni Pisti, sokak lezzetleri, yiyecek-i\u00e7ecek kiokslar\u0131, lunapark ve al\u0131\u015fveri\u015f stantlar\u0131yla her ya\u015ftan ziyaret\u00e7ilere keyifle vakit ge\u00e7irebilece\u011fi kaliteli bir etkinlik alan\u0131 sunuyor.<br \/><\/p>\n","protected":false},"excerpt":{"rendered":"<p>Merkezefendi Belediyesi taraf\u0131ndan d\u00fczenlenen K\u0131\u015f Festivali, k\u0131\u015f aylar\u0131n\u0131n so\u011fuk g\u00fcnlerinde vatanda\u015flar\u0131 m\u00fczik ve e\u011flenceyle bulu\u015fturuyor. Merkezefendi Belediye Ba\u015fkan\u0131 \u015eeniz Do\u011fan, &#8220;T\u00fcm hem\u015fehrilerimizi bu keyfe ortak olmaya saat 20.30\u2019de Merkezefendi K\u00fclt\u00fcr Merkezi\u2019mizin yan\u0131ndaki festivalimize bekliyoruz&#8221; dedi. Merkezefendi K\u00fclt\u00fcr Merkezi\u2019nin yan\u0131nda olu\u015fturulan festival alan\u0131nda yapay kar ya\u011f\u0131\u015f\u0131n\u0131n alt\u0131nda, 16 Ocak Cuma g\u00fcn\u00fc saat 20.30\u2019da DJ S\u00fcleyman Ata\u015f,&#8230;<\/p>\n","protected":false},"author":1,"featured_media":81180,"comment_status":"open","ping_status":"open","sticky":false,"template":"","format":"standard","meta":{"_crdt_document":"","footnotes":""},"categories":[1],"tags":[],"class_list":["post-81179","post","type-post","status-publish","format-standard","has-post-thumbnail","hentry","category-guncel"],"_links":{"self":[{"href":"https:\/\/www.egemtv.com\/index.php?rest_route=\/wp\/v2\/posts\/81179","targetHints":{"allow":["GET"]}}],"collection":[{"href":"https:\/\/www.egemtv.com\/index.php?rest_route=\/wp\/v2\/posts"}],"about":[{"href":"https:\/\/www.egemtv.com\/index.php?rest_route=\/wp\/v2\/types\/post"}],"author":[{"embeddable":true,"href":"https:\/\/www.egemtv.com\/index.php?rest_route=\/wp\/v2\/users\/1"}],"replies":[{"embeddable":true,"href":"https:\/\/www.egemtv.com\/index.php?rest_route=%2Fwp%2Fv2%2Fcomments&post=81179"}],"version-history":[{"count":1,"href":"https:\/\/www.egemtv.com\/index.php?rest_route=\/wp\/v2\/posts\/81179\/revisions"}],"predecessor-version":[{"id":81181,"href":"https:\/\/www.egemtv.com\/index.php?rest_route=\/wp\/v2\/posts\/81179\/revisions\/81181"}],"wp:featuredmedia":[{"embeddable":true,"href":"https:\/\/www.egemtv.com\/index.php?rest_route=\/wp\/v2\/media\/81180"}],"wp:attachment":[{"href":"https:\/\/www.egemtv.com\/index.php?rest_route=%2Fwp%2Fv2%2Fmedia&parent=81179"}],"wp:term":[{"taxonomy":"category","embeddable":true,"href":"https:\/\/www.egemtv.com\/index.php?rest_route=%2Fwp%2Fv2%2Fcategories&post=81179"},{"taxonomy":"post_tag","embeddable":true,"href":"https:\/\/www.egemtv.com\/index.php?rest_route=%2Fwp%2Fv2%2Ftags&post=81179"}],"curies":[{"name":"wp","href":"https:\/\/api.w.org\/{rel}","templated":true}]}}