{"id":81176,"date":"2026-01-16T13:34:53","date_gmt":"2026-01-16T10:34:53","guid":{"rendered":"https:\/\/www.egemtv.com\/?p=81176"},"modified":"2026-01-16T13:34:53","modified_gmt":"2026-01-16T10:34:53","slug":"yariyil-tatili-basladi-izmirde-721-bin-862-ogrenci-karne-sevinci-yasadi","status":"publish","type":"post","link":"https:\/\/www.egemtv.com\/?p=81176","title":{"rendered":"Yar\u0131y\u0131l tatili ba\u015flad\u0131, \u0130zmir\u2019de 721 bin 862 \u00f6\u011frenci karne sevinci ya\u015fad\u0131"},"content":{"rendered":"<p>\u0130zmir\u2019de 2025-2026 e\u011fitim \u00f6\u011fretim y\u0131l\u0131n\u0131n ilk d\u00f6neminin tamamlanmas\u0131yla birlikte 721 bin 862 \u00f6\u011frenci karne alarak yar\u0131y\u0131l tatiline girdi.<br \/>\n<br \/>T\u00fcrkiye genelinde 2025-2026 e\u011fitim \u00f6\u011fretim y\u0131l\u0131n\u0131n ilk d\u00f6neminin sona ermesiyle birlikte \u0130zmir\u2019de de \u00f6\u011frenciler karne heyecan\u0131 ya\u015fad\u0131. Kent genelinde e\u011fitim g\u00f6ren 721 bin 862 \u00f6\u011frenci i\u00e7in yar\u0131y\u0131l tatili ba\u015flad\u0131. Bayrakl\u0131 \u015eehit Polis Fethi Sekin \u0130lkokulu\u2019nda ger\u00e7ekle\u015ftirilen karne t\u00f6renine kat\u0131lan \u0130zmir Valisi S\u00fcleyman Elban, \u0130zmir Vali Yard\u0131mc\u0131s\u0131 Erkan Karahan, \u0130zmir \u0130l Milli E\u011fitim M\u00fcd\u00fcr\u00fc \u00d6mer Yah\u015fi, \u0130l Milli E\u011fitim M\u00fcd\u00fcr Yard\u0131mc\u0131s\u0131 \u0130lker Eraslan ile \u0130l\u00e7e Milli E\u011fitim \u015eube M\u00fcd\u00fcrleri Baran Can, Kenan \u00d6zdemir, Selviye Bulucu ve Fadime Pelin Aldemir, \u00f6\u011frencilerin heyecan\u0131na ortak oldu.<br \/>\n<br \/>T\u00f6ren kapsam\u0131nda s\u0131n\u0131flar\u0131 ziyaret eden Vali S\u00fcleyman Elban ve \u0130l Milli E\u011fitim M\u00fcd\u00fcr\u00fc \u00d6mer Yah\u015fi, tatil heyecan\u0131 ya\u015fayan \u00f6\u011frencilerle bir s\u00fcre sohbet etti. Vali Elban ve beraberindeki heyet, \u00f6\u011frencilere karneleri ile birlikte yar\u0131y\u0131l tatili hediyelerini takdim etti.<br \/>\n<br \/>Karne da\u011f\u0131t\u0131m\u0131n\u0131n ard\u0131ndan protokol \u00fcyeleri, \u00f6\u011frenci ve \u00f6\u011fretmenlerle hat\u0131ra foto\u011fraf\u0131 \u00e7ektirdi.<br \/><\/p>\n","protected":false},"excerpt":{"rendered":"<p>\u0130zmir\u2019de 2025-2026 e\u011fitim \u00f6\u011fretim y\u0131l\u0131n\u0131n ilk d\u00f6neminin tamamlanmas\u0131yla birlikte 721 bin 862 \u00f6\u011frenci karne alarak yar\u0131y\u0131l tatiline girdi. T\u00fcrkiye genelinde 2025-2026 e\u011fitim \u00f6\u011fretim y\u0131l\u0131n\u0131n ilk d\u00f6neminin sona ermesiyle birlikte \u0130zmir\u2019de de \u00f6\u011frenciler karne heyecan\u0131 ya\u015fad\u0131. Kent genelinde e\u011fitim g\u00f6ren 721 bin 862 \u00f6\u011frenci i\u00e7in yar\u0131y\u0131l tatili ba\u015flad\u0131. Bayrakl\u0131 \u015eehit Polis Fethi Sekin \u0130lkokulu\u2019nda ger\u00e7ekle\u015ftirilen karne&#8230;<\/p>\n","protected":false},"author":1,"featured_media":81177,"comment_status":"open","ping_status":"open","sticky":false,"template":"","format":"standard","meta":{"_crdt_document":"","footnotes":""},"categories":[1],"tags":[],"class_list":["post-81176","post","type-post","status-publish","format-standard","has-post-thumbnail","hentry","category-guncel"],"_links":{"self":[{"href":"https:\/\/www.egemtv.com\/index.php?rest_route=\/wp\/v2\/posts\/81176","targetHints":{"allow":["GET"]}}],"collection":[{"href":"https:\/\/www.egemtv.com\/index.php?rest_route=\/wp\/v2\/posts"}],"about":[{"href":"https:\/\/www.egemtv.com\/index.php?rest_route=\/wp\/v2\/types\/post"}],"author":[{"embeddable":true,"href":"https:\/\/www.egemtv.com\/index.php?rest_route=\/wp\/v2\/users\/1"}],"replies":[{"embeddable":true,"href":"https:\/\/www.egemtv.com\/index.php?rest_route=%2Fwp%2Fv2%2Fcomments&post=81176"}],"version-history":[{"count":1,"href":"https:\/\/www.egemtv.com\/index.php?rest_route=\/wp\/v2\/posts\/81176\/revisions"}],"predecessor-version":[{"id":81178,"href":"https:\/\/www.egemtv.com\/index.php?rest_route=\/wp\/v2\/posts\/81176\/revisions\/81178"}],"wp:featuredmedia":[{"embeddable":true,"href":"https:\/\/www.egemtv.com\/index.php?rest_route=\/wp\/v2\/media\/81177"}],"wp:attachment":[{"href":"https:\/\/www.egemtv.com\/index.php?rest_route=%2Fwp%2Fv2%2Fmedia&parent=81176"}],"wp:term":[{"taxonomy":"category","embeddable":true,"href":"https:\/\/www.egemtv.com\/index.php?rest_route=%2Fwp%2Fv2%2Fcategories&post=81176"},{"taxonomy":"post_tag","embeddable":true,"href":"https:\/\/www.egemtv.com\/index.php?rest_route=%2Fwp%2Fv2%2Ftags&post=81176"}],"curies":[{"name":"wp","href":"https:\/\/api.w.org\/{rel}","templated":true}]}}