{"id":81173,"date":"2026-01-16T13:15:46","date_gmt":"2026-01-16T10:15:46","guid":{"rendered":"https:\/\/www.egemtv.com\/?p=81173"},"modified":"2026-01-16T13:15:47","modified_gmt":"2026-01-16T10:15:47","slug":"bayindirda-6-bin-194-ogrencinin-yariyil-tatili-sevinci","status":"publish","type":"post","link":"https:\/\/www.egemtv.com\/?p=81173","title":{"rendered":"Bay\u0131nd\u0131r\u2019da 6 bin 194 \u00f6\u011frencinin yar\u0131y\u0131l tatili sevinci"},"content":{"rendered":"<p>Bay\u0131nd\u0131r il\u00e7esinde 2025-2026 e\u011fitim \u00f6\u011fretim y\u0131l\u0131 yar\u0131y\u0131l tatili bug\u00fcn \u00e7alan son ders ziliyle ba\u015flad\u0131. Okul \u00f6ncesi, ilkokul, ortaokul ve lise kademelerinde \u00f6\u011frenim g\u00f6ren toplam 6 bin 194 \u00f6\u011frenci ile 482 \u00f6\u011fretmen, 16 g\u00fcn s\u00fcrecek s\u00f6mestr tatiline \u00e7\u0131kt\u0131.<br \/>\n<br \/>S\u00f6mestr tatilinin ba\u015flamas\u0131 dolay\u0131s\u0131yla S\u0131d\u0131ka-Abd\u00fclgani G\u00fcng\u00f6r \u0130lkokulu\u2019nda karne t\u00f6reni d\u00fczenlendi. T\u00f6rene Bay\u0131nd\u0131r Kaymakam\u0131 Murat Mete\u2019nin yan\u0131 s\u0131ra Belediye Ba\u015fkan\u0131 Davut Sakarsu, \u0130l\u00e7e Emniyet M\u00fcd\u00fcr\u00fc \u00d6zg\u00fcr Din\u00e7, \u0130l\u00e7e Jandarma Komutan Vekili Cemal \u015eekerci, \u0130l\u00e7e Mill\u00ee E\u011fitim M\u00fcd\u00fcr\u00fc Serdar \u00d6kay ve mahalle muhtar\u0131 kat\u0131ld\u0131.<br \/>\n<br \/>Karne t\u00f6reninde \u00f6\u011frencilerle yak\u0131ndan ilgilenen Kaymakam Murat Mete, karneleri tek tek takdim ederek \u00f6\u011frencileri ba\u015far\u0131lar\u0131ndan dolay\u0131 tebrik etti. Mete, tatil s\u00fcrecinde \u00f6\u011frencilerin dinlenmelerini, eksik g\u00f6rd\u00fckleri konular\u0131 tekrar etmelerini ve kitap okumay\u0131 ihmal etmemelerini tavsiye etti.<br \/>\n<br \/>Bay\u0131nd\u0131r genelinde karne sevinci ya\u015fayan 6 bin 194 \u00f6\u011frenciye, fedak\u00e2rca g\u00f6rev yapan \u00f6\u011fretmenlere ve velilere iyi tatiller dileyen Kaymakam Mete, e\u011fitimin her a\u015famas\u0131nda \u00e7ocuklar\u0131n yan\u0131nda olmaya devam edeceklerini ifade etti.<br \/><\/p>\n","protected":false},"excerpt":{"rendered":"<p>Bay\u0131nd\u0131r il\u00e7esinde 2025-2026 e\u011fitim \u00f6\u011fretim y\u0131l\u0131 yar\u0131y\u0131l tatili bug\u00fcn \u00e7alan son ders ziliyle ba\u015flad\u0131. Okul \u00f6ncesi, ilkokul, ortaokul ve lise kademelerinde \u00f6\u011frenim g\u00f6ren toplam 6 bin 194 \u00f6\u011frenci ile 482 \u00f6\u011fretmen, 16 g\u00fcn s\u00fcrecek s\u00f6mestr tatiline \u00e7\u0131kt\u0131. S\u00f6mestr tatilinin ba\u015flamas\u0131 dolay\u0131s\u0131yla S\u0131d\u0131ka-Abd\u00fclgani G\u00fcng\u00f6r \u0130lkokulu\u2019nda karne t\u00f6reni d\u00fczenlendi. T\u00f6rene Bay\u0131nd\u0131r Kaymakam\u0131 Murat Mete\u2019nin yan\u0131 s\u0131ra Belediye&#8230;<\/p>\n","protected":false},"author":1,"featured_media":81174,"comment_status":"open","ping_status":"open","sticky":false,"template":"","format":"standard","meta":{"_crdt_document":"","footnotes":""},"categories":[1],"tags":[],"class_list":["post-81173","post","type-post","status-publish","format-standard","has-post-thumbnail","hentry","category-guncel"],"_links":{"self":[{"href":"https:\/\/www.egemtv.com\/index.php?rest_route=\/wp\/v2\/posts\/81173","targetHints":{"allow":["GET"]}}],"collection":[{"href":"https:\/\/www.egemtv.com\/index.php?rest_route=\/wp\/v2\/posts"}],"about":[{"href":"https:\/\/www.egemtv.com\/index.php?rest_route=\/wp\/v2\/types\/post"}],"author":[{"embeddable":true,"href":"https:\/\/www.egemtv.com\/index.php?rest_route=\/wp\/v2\/users\/1"}],"replies":[{"embeddable":true,"href":"https:\/\/www.egemtv.com\/index.php?rest_route=%2Fwp%2Fv2%2Fcomments&post=81173"}],"version-history":[{"count":1,"href":"https:\/\/www.egemtv.com\/index.php?rest_route=\/wp\/v2\/posts\/81173\/revisions"}],"predecessor-version":[{"id":81175,"href":"https:\/\/www.egemtv.com\/index.php?rest_route=\/wp\/v2\/posts\/81173\/revisions\/81175"}],"wp:featuredmedia":[{"embeddable":true,"href":"https:\/\/www.egemtv.com\/index.php?rest_route=\/wp\/v2\/media\/81174"}],"wp:attachment":[{"href":"https:\/\/www.egemtv.com\/index.php?rest_route=%2Fwp%2Fv2%2Fmedia&parent=81173"}],"wp:term":[{"taxonomy":"category","embeddable":true,"href":"https:\/\/www.egemtv.com\/index.php?rest_route=%2Fwp%2Fv2%2Fcategories&post=81173"},{"taxonomy":"post_tag","embeddable":true,"href":"https:\/\/www.egemtv.com\/index.php?rest_route=%2Fwp%2Fv2%2Ftags&post=81173"}],"curies":[{"name":"wp","href":"https:\/\/api.w.org\/{rel}","templated":true}]}}