{"id":81170,"date":"2026-01-16T13:15:45","date_gmt":"2026-01-16T10:15:45","guid":{"rendered":"https:\/\/www.egemtv.com\/?p=81170"},"modified":"2026-01-16T13:15:46","modified_gmt":"2026-01-16T10:15:46","slug":"karaburunda-mis-kokulu-nergis-festivali","status":"publish","type":"post","link":"https:\/\/www.egemtv.com\/?p=81170","title":{"rendered":"Karaburun\u2019da mis kokulu nergis festivali"},"content":{"rendered":"<p>Mis kokulu nergis \u00e7i\u00e7e\u011finin anavatan\u0131 olarak bilinen Karaburun il\u00e7esinde, bu y\u0131l 8\u2019incisi d\u00fczenlenen Nergis Festivali ba\u015flad\u0131.<br \/>\n<br \/>A\u00e7\u0131l\u0131\u015fta konu\u015fan Karaburun Belediye Ba\u015fkan\u0131 \u0130lkay Girgin Erdo\u011fan, nergisin anavatan\u0131 olan Karaburun\u2019da, \u00fcreticilerin b\u00fcy\u00fck emekleriyle bug\u00fcnlere gelen bu de\u011ferli \u00e7i\u00e7e\u011fi festivalle ta\u00e7land\u0131rmaktan b\u00fcy\u00fck mutluluk duyduklar\u0131n\u0131 ifade etti. Erdo\u011fan, &#8220;Nergis, Karaburun\u2019un kimli\u011fi ve al\u0131n teridir. Bu festivali, \u00fcreticilerimizin eme\u011fine bir sayg\u0131 duru\u015fu olarak g\u00f6r\u00fcyoruz&#8221; dedi.<br \/>\n<br \/>\u0130zmir B\u00fcy\u00fck\u015fehir Belediye Ba\u015fkan\u0131 Cemil Tugay ise nergisin so\u011fanl\u0131 bitkiler aras\u0131nda b\u00f6lgenin nadide \u00fcr\u00fcnlerinden biri oldu\u011funu vurgulayarak, &#8220;Bu e\u015fsiz de\u011fere verdi\u011fimiz destek artarak devam edecek. Hayatta en de\u011ferli \u015fey, insanlar\u0131n y\u00fcz\u00fcndeki g\u00fcl\u00fcmsemeyi g\u00f6rebilmektir. \u0130lkay Ba\u015fkan\u2019\u0131n enerjisi bizleri de motive ediyor. Kendisine te\u015fekk\u00fcr ediyorum&#8221; ifadelerini kulland\u0131.<br \/>\n<br \/>\u00dc\u00e7 g\u00fcn s\u00fcrecek 8\u2019inci Karaburun Nergis Festivali kapsam\u0131nda yar\u0131\u015fmalar, at\u00f6lye \u00e7al\u0131\u015fmalar\u0131 ve birbirinden de\u011ferli sanat\u00e7\u0131lar\u0131n sahne alaca\u011f\u0131 konserlerle dolu dolu bir program ziyaret\u00e7ileri bekliyor.<br \/>\n<br \/>Festival, Karaburun\u2019un do\u011fal ve k\u00fclt\u00fcrel de\u011ferlerini tan\u0131tman\u0131n yan\u0131 s\u0131ra, \u00fcreticiye destek olmay\u0131 ve b\u00f6lge ekonomisine katk\u0131 sa\u011flamay\u0131 ama\u00e7l\u0131yor.<br \/>\n<br \/>Festival a\u00e7\u0131l\u0131\u015f program\u0131na \u0130zmir B\u00fcy\u00fck\u015fehir Belediye Ba\u015fkan\u0131 Cemil Tugay, G\u00fczelbah\u00e7e Belediye Ba\u015fkan\u0131 Mustafa G\u00fcnay, CHP \u0130zmir Milletvekili Seda Kaya \u00d6sen, Karaburun Esnaf ve Sanatk\u00e2rlar Odas\u0131 Ba\u015fkan\u0131 Latif Ok ile KKTC \u0130zmir Konsolosu Mustafa Davulcu ile \u00e7ok say\u0131da vatanda\u015f kat\u0131ld\u0131.<br \/><\/p>\n","protected":false},"excerpt":{"rendered":"<p>Mis kokulu nergis \u00e7i\u00e7e\u011finin anavatan\u0131 olarak bilinen Karaburun il\u00e7esinde, bu y\u0131l 8\u2019incisi d\u00fczenlenen Nergis Festivali ba\u015flad\u0131. A\u00e7\u0131l\u0131\u015fta konu\u015fan Karaburun Belediye Ba\u015fkan\u0131 \u0130lkay Girgin Erdo\u011fan, nergisin anavatan\u0131 olan Karaburun\u2019da, \u00fcreticilerin b\u00fcy\u00fck emekleriyle bug\u00fcnlere gelen bu de\u011ferli \u00e7i\u00e7e\u011fi festivalle ta\u00e7land\u0131rmaktan b\u00fcy\u00fck mutluluk duyduklar\u0131n\u0131 ifade etti. Erdo\u011fan, &#8220;Nergis, Karaburun\u2019un kimli\u011fi ve al\u0131n teridir. Bu festivali, \u00fcreticilerimizin eme\u011fine bir&#8230;<\/p>\n","protected":false},"author":1,"featured_media":81171,"comment_status":"open","ping_status":"open","sticky":false,"template":"","format":"standard","meta":{"_crdt_document":"","footnotes":""},"categories":[1],"tags":[],"class_list":["post-81170","post","type-post","status-publish","format-standard","has-post-thumbnail","hentry","category-guncel"],"_links":{"self":[{"href":"https:\/\/www.egemtv.com\/index.php?rest_route=\/wp\/v2\/posts\/81170","targetHints":{"allow":["GET"]}}],"collection":[{"href":"https:\/\/www.egemtv.com\/index.php?rest_route=\/wp\/v2\/posts"}],"about":[{"href":"https:\/\/www.egemtv.com\/index.php?rest_route=\/wp\/v2\/types\/post"}],"author":[{"embeddable":true,"href":"https:\/\/www.egemtv.com\/index.php?rest_route=\/wp\/v2\/users\/1"}],"replies":[{"embeddable":true,"href":"https:\/\/www.egemtv.com\/index.php?rest_route=%2Fwp%2Fv2%2Fcomments&post=81170"}],"version-history":[{"count":1,"href":"https:\/\/www.egemtv.com\/index.php?rest_route=\/wp\/v2\/posts\/81170\/revisions"}],"predecessor-version":[{"id":81172,"href":"https:\/\/www.egemtv.com\/index.php?rest_route=\/wp\/v2\/posts\/81170\/revisions\/81172"}],"wp:featuredmedia":[{"embeddable":true,"href":"https:\/\/www.egemtv.com\/index.php?rest_route=\/wp\/v2\/media\/81171"}],"wp:attachment":[{"href":"https:\/\/www.egemtv.com\/index.php?rest_route=%2Fwp%2Fv2%2Fmedia&parent=81170"}],"wp:term":[{"taxonomy":"category","embeddable":true,"href":"https:\/\/www.egemtv.com\/index.php?rest_route=%2Fwp%2Fv2%2Fcategories&post=81170"},{"taxonomy":"post_tag","embeddable":true,"href":"https:\/\/www.egemtv.com\/index.php?rest_route=%2Fwp%2Fv2%2Ftags&post=81170"}],"curies":[{"name":"wp","href":"https:\/\/api.w.org\/{rel}","templated":true}]}}