{"id":81167,"date":"2026-01-16T13:15:44","date_gmt":"2026-01-16T10:15:44","guid":{"rendered":"https:\/\/www.egemtv.com\/?p=81167"},"modified":"2026-01-16T13:15:45","modified_gmt":"2026-01-16T10:15:45","slug":"mendereste-fabrika-yangini-kisa-surede-kontrol-altina-alindi","status":"publish","type":"post","link":"https:\/\/www.egemtv.com\/?p=81167","title":{"rendered":"Menderes\u2019te fabrika yang\u0131n\u0131 k\u0131sa s\u00fcrede kontrol alt\u0131na al\u0131nd\u0131"},"content":{"rendered":"<p>\u0130zmir\u2019in Menderes il\u00e7esinde yal\u0131t\u0131m malzemesi \u00fcreten bir fabrikada yang\u0131n \u00e7\u0131kt\u0131. \u0130zmir \u0130tfaiyesi, 13 ara\u00e7 ve 45 personel ile yang\u0131na m\u00fcdahale ederken alevler k\u0131sa s\u00fcrede kontrol alt\u0131na al\u0131nd\u0131. Ekiplerin h\u0131zl\u0131 m\u00fcdahalesi yang\u0131n\u0131n \u00e7evredeki di\u011fer tesislere s\u0131\u00e7ramas\u0131n\u0131 \u00f6nledi.<br \/>\n<br \/>Menderes il\u00e7esi \u0130TOB Organize Sanayi B\u00f6lgesi\u2019nde, yal\u0131t\u0131m malzemesi \u00fcreten tek katl\u0131 bir fabrikada 08.10 s\u0131ralar\u0131nda yang\u0131n \u00e7\u0131kt\u0131. Fabrikada bulunan \u00e7al\u0131\u015fanlar, y\u00fckselen dumanlar\u0131 fark ederek durumu 112 Acil \u00c7a\u011fr\u0131 Merkezi\u2019ne bildirdi ve ekipler gelene kadar binay\u0131 g\u00fcvenli bir \u015fekilde tahliye etti. \u0130hbar\u0131n ard\u0131ndan k\u0131sa s\u00fcrede olay yerine ula\u015fan \u0130zmir B\u00fcy\u00fck\u015fehir Belediyesi \u0130tfaiye Dairesi Ba\u015fkanl\u0131\u011f\u0131 ekipleri, 13 ara\u00e7 ve 45 personelle alevlere m\u00fcdahale etti. Yo\u011fun \u00e7al\u0131\u015fmalar sonucu yang\u0131n 09.15\u2019te kontrol alt\u0131na al\u0131nd\u0131. Olay s\u0131ras\u0131nda \u00e7al\u0131\u015fanlar\u0131n h\u0131zl\u0131 tahliyesi sayesinde can kayb\u0131 veya yaralanma ya\u015fanmad\u0131. \u0130tfaiye ekiplerinin h\u0131zl\u0131 m\u00fcdahalesiyle yang\u0131n\u0131n \u00e7evredeki di\u011fer tesislere s\u0131\u00e7ramas\u0131n\u0131n da \u00f6n\u00fcne ge\u00e7ildi.<br \/><\/p>\n","protected":false},"excerpt":{"rendered":"<p>\u0130zmir\u2019in Menderes il\u00e7esinde yal\u0131t\u0131m malzemesi \u00fcreten bir fabrikada yang\u0131n \u00e7\u0131kt\u0131. \u0130zmir \u0130tfaiyesi, 13 ara\u00e7 ve 45 personel ile yang\u0131na m\u00fcdahale ederken alevler k\u0131sa s\u00fcrede kontrol alt\u0131na al\u0131nd\u0131. Ekiplerin h\u0131zl\u0131 m\u00fcdahalesi yang\u0131n\u0131n \u00e7evredeki di\u011fer tesislere s\u0131\u00e7ramas\u0131n\u0131 \u00f6nledi. Menderes il\u00e7esi \u0130TOB Organize Sanayi B\u00f6lgesi\u2019nde, yal\u0131t\u0131m malzemesi \u00fcreten tek katl\u0131 bir fabrikada 08.10 s\u0131ralar\u0131nda yang\u0131n \u00e7\u0131kt\u0131. Fabrikada bulunan&#8230;<\/p>\n","protected":false},"author":1,"featured_media":81168,"comment_status":"open","ping_status":"open","sticky":false,"template":"","format":"standard","meta":{"_crdt_document":"","footnotes":""},"categories":[5],"tags":[],"class_list":["post-81167","post","type-post","status-publish","format-standard","has-post-thumbnail","hentry","category-asayis"],"_links":{"self":[{"href":"https:\/\/www.egemtv.com\/index.php?rest_route=\/wp\/v2\/posts\/81167","targetHints":{"allow":["GET"]}}],"collection":[{"href":"https:\/\/www.egemtv.com\/index.php?rest_route=\/wp\/v2\/posts"}],"about":[{"href":"https:\/\/www.egemtv.com\/index.php?rest_route=\/wp\/v2\/types\/post"}],"author":[{"embeddable":true,"href":"https:\/\/www.egemtv.com\/index.php?rest_route=\/wp\/v2\/users\/1"}],"replies":[{"embeddable":true,"href":"https:\/\/www.egemtv.com\/index.php?rest_route=%2Fwp%2Fv2%2Fcomments&post=81167"}],"version-history":[{"count":1,"href":"https:\/\/www.egemtv.com\/index.php?rest_route=\/wp\/v2\/posts\/81167\/revisions"}],"predecessor-version":[{"id":81169,"href":"https:\/\/www.egemtv.com\/index.php?rest_route=\/wp\/v2\/posts\/81167\/revisions\/81169"}],"wp:featuredmedia":[{"embeddable":true,"href":"https:\/\/www.egemtv.com\/index.php?rest_route=\/wp\/v2\/media\/81168"}],"wp:attachment":[{"href":"https:\/\/www.egemtv.com\/index.php?rest_route=%2Fwp%2Fv2%2Fmedia&parent=81167"}],"wp:term":[{"taxonomy":"category","embeddable":true,"href":"https:\/\/www.egemtv.com\/index.php?rest_route=%2Fwp%2Fv2%2Fcategories&post=81167"},{"taxonomy":"post_tag","embeddable":true,"href":"https:\/\/www.egemtv.com\/index.php?rest_route=%2Fwp%2Fv2%2Ftags&post=81167"}],"curies":[{"name":"wp","href":"https:\/\/api.w.org\/{rel}","templated":true}]}}