{"id":81164,"date":"2026-01-16T13:15:43","date_gmt":"2026-01-16T10:15:43","guid":{"rendered":"https:\/\/www.egemtv.com\/?p=81164"},"modified":"2026-01-16T13:15:44","modified_gmt":"2026-01-16T10:15:44","slug":"izmirde-212-cete-cokertildi-suc-orani-yuzde-11-azaldi","status":"publish","type":"post","link":"https:\/\/www.egemtv.com\/?p=81164","title":{"rendered":"\u0130zmir\u2019de 212 \u00e7ete \u00e7\u00f6kertildi, su\u00e7 oran\u0131 y\u00fczde 11 azald\u0131"},"content":{"rendered":"<p>\u0130zmir Valisi S\u00fcleyman Elban, kentteki g\u00fcvenlik ve asayi\u015f verilerini payla\u015farak, 2025 y\u0131l\u0131nda emniyet, jandarma ve sahil g\u00fcvenlik birimlerinin koordineli \u00e7al\u0131\u015fmalar\u0131 sonucunda su\u00e7 oranlar\u0131nda ciddi d\u00fc\u015f\u00fc\u015fler ya\u015fand\u0131\u011f\u0131n\u0131 a\u00e7\u0131klad\u0131. A\u00e7\u0131klamas\u0131nda, ge\u00e7ti\u011fimiz y\u0131l 212 su\u00e7 \u00f6rg\u00fct\u00fcn\u00fcn \u00e7\u00f6kertildi\u011fini s\u00f6yleyen Vali Elban, kentteki su\u00e7 oran\u0131n\u0131n y\u00fczde 11 geriledi\u011fini vurgulad\u0131.<\/p>\n<p>\u0130zmir Valisi Dr. S\u00fcleyman Elban, beraberindeki \u0130l Emniyet M\u00fcd\u00fcr\u00fc Celal Sel, \u0130l Jandarma Komutan\u0131 Tu\u011fgeneral Metin D\u00fcz ve Sahil G\u00fcvenlik Ege Deniz B\u00f6lge Komutan\u0131 Tu\u011famiral Tayfun Pa\u015fao\u011flu ile birlikte kentin asayi\u015f tablosuna ili\u015fkin bas\u0131n toplant\u0131s\u0131 d\u00fczenledi. Vali Elban, 2025 y\u0131l\u0131nda ki\u015filere kar\u015f\u0131 i\u015flenen 10 \u00f6nemli su\u00e7ta y\u00fczde 11, mal varl\u0131\u011f\u0131na kar\u015f\u0131 i\u015flenen su\u00e7larda ise y\u00fczde 37 oran\u0131nda azalma sa\u011fland\u0131\u011f\u0131n\u0131 duyurdu.<\/p>\n<p>Ki\u015filere kar\u015f\u0131 su\u00e7larda y\u00fczde 11 azalma<br \/>\n<br \/>Vali Elban, ki\u015filere kar\u015f\u0131 i\u015flenen su\u00e7larda sahadaki g\u00f6r\u00fcn\u00fcrl\u00fc\u011f\u00fcn ve \u00f6nleyici faaliyetlerin etkili oldu\u011funu belirtti. 2024 y\u0131l\u0131nda 42 bin 966 olan olay say\u0131s\u0131n\u0131n 2025 y\u0131l\u0131nda 38 bin 236\u2019ya geriledi\u011fini ifade eden Elban, su\u00e7 ba\u015fl\u0131klar\u0131na g\u00f6re d\u00fc\u015f\u00fc\u015f oranlar\u0131n\u0131 \u015f\u00f6yle s\u0131ralad\u0131:<br \/>\n<br \/>Ki\u015fiyi h\u00fcrriyetinden yoksun k\u0131lma: Y\u00fczde 28<br \/>\n<br \/>Cinsel sald\u0131r\u0131: Y\u00fczde 21<br \/>\n<br \/>Konut dokunulmazl\u0131\u011f\u0131n\u0131n ihlali: Y\u00fczde 17<br \/>\n<br \/>Cinsel taciz: Y\u00fczde 17<br \/>\n<br \/>\u00c7ocu\u011fun cinsel istismar\u0131: Y\u00fczde 14<br \/>\n<br \/>Ki\u015filerin huzur ve s\u00fck\u00fbnunu bozma: Y\u00fczde 13<br \/>\n<br \/>Kasten yaralama: Y\u00fczde 11<br \/>\n<br \/>Tehdit: Y\u00fczde 10<br \/>\n<br \/>Kasten \u00f6ld\u00fcrme: Y\u00fczde 9<br \/>\n<br \/>Hakaret: Y\u00fczde 7<\/p>\n<p>Mal varl\u0131\u011f\u0131na kar\u015f\u0131 su\u00e7larda b\u00fcy\u00fck d\u00fc\u015f\u00fc\u015f<br \/>\n<br \/>Mal varl\u0131\u011f\u0131na kar\u015f\u0131 i\u015flenen su\u00e7larda 2024 y\u0131l\u0131nda 12 bin 773 olan vaka say\u0131s\u0131n\u0131n, 2025 y\u0131l\u0131nda 8 bin 45\u2019e d\u00fc\u015ferek y\u00fczde 37 oran\u0131nda azald\u0131\u011f\u0131n\u0131 kaydeden Vali Elban, \u00f6zellikle h\u0131rs\u0131zl\u0131k olaylar\u0131ndaki gerilemeye dikkat \u00e7ekti. Bu kapsamda; yankesicilikte y\u00fczde 75, kapka\u00e7ta y\u00fczde 64, otodan h\u0131rs\u0131zl\u0131kta y\u00fczde 59, motosiklet h\u0131rs\u0131zl\u0131\u011f\u0131nda y\u00fczde 56, i\u015f yeri ve kurumdan h\u0131rs\u0131zl\u0131kta y\u00fczde 51, oto h\u0131rs\u0131zl\u0131\u011f\u0131nda y\u00fczde 46, evden h\u0131rs\u0131zl\u0131kta y\u00fczde 43, doland\u0131r\u0131c\u0131l\u0131kta y\u00fczde 31 ve ya\u011fma (gasp) su\u00e7lar\u0131nda y\u00fczde 25 oran\u0131nda azalma meydana geldi.<\/p>\n<p>Organize su\u00e7larla m\u00fccadele ve ele ge\u00e7irilen silahlar<br \/>\n<br \/>Y\u0131l boyunca organize su\u00e7 \u00f6rg\u00fctlerine y\u00f6nelik darbe vuruldu\u011funu ifade eden Elban, 2025 y\u0131l\u0131nda d\u00fczenlenen 296 operasyonla 212 organize su\u00e7 \u00f6rg\u00fct\u00fcn\u00fcn \u00e7\u00f6kertildi\u011fini bildirdi. Ayr\u0131ca aranan \u015fah\u0131slara y\u00f6nelik \u00e7al\u0131\u015fmalarda; kesinle\u015fmi\u015f hapis cezas\u0131 bulunan 26 bin 780 ki\u015fi yakalanarak cezaevine teslim edilirken, ifadesine y\u00f6nelik aranan 42 bin 332 ki\u015fi hakk\u0131nda i\u015flem yap\u0131ld\u0131. Ruhsats\u0131z silahlarla m\u00fccadele kapsam\u0131nda ise 3 bin 372\u2019si tabanca, 954\u2019\u00fc kuru s\u0131k\u0131, 42\u2019si uzun namlulu silah ve bin 984\u2019\u00fc av t\u00fcfe\u011fi olmak \u00fczere toplam 6 bin 352 silah ele ge\u00e7irildi; 6 bin 628 ki\u015fi hakk\u0131nda adli i\u015flem yap\u0131ld\u0131.<\/p>\n<p>Uyu\u015fturucu ile m\u00fccadele: 2 bin 637 tutuklama<br \/>\n<br \/>Uyu\u015fturucu ticaretine y\u00f6nelik bin 413 operasyon d\u00fczenlendi\u011fini a\u00e7\u0131klayan Vali Elban, bu operasyonlarda g\u00f6zalt\u0131na al\u0131nan 5 bin 257 ki\u015fiden 2 bin 524\u2019\u00fcn\u00fcn tutukland\u0131\u011f\u0131n\u0131, bin 573\u2019\u00fc hakk\u0131nda adli kontrol karar\u0131 verildi\u011fini s\u00f6yledi. Kullan\u0131c\u0131l\u0131k ve di\u011fer uyu\u015fturucu su\u00e7lar\u0131 kapsam\u0131nda ise 20 bin 709 olayda 22 bin 31 ki\u015fi g\u00f6zalt\u0131na al\u0131n\u0131rken; uyu\u015fturucu su\u00e7lar\u0131 genel toplam\u0131nda tutuklu say\u0131s\u0131 2 bin 637, adli kontrol uygulanan ki\u015fi say\u0131s\u0131 ise 5 bin 794 olarak kay\u0131tlara ge\u00e7ti.<\/p>\n<p>Trafik denetimlerinde rekor art\u0131\u015f<br \/>\n<br \/>Trafik g\u00fcvenli\u011fine y\u00f6nelik denetimlerin bir \u00f6nceki y\u0131la g\u00f6re y\u00fczde 82 oran\u0131nda artarak 11 milyon 585 bin 71 araca ula\u015ft\u0131\u011f\u0131n\u0131 belirten Elban, denetim art\u0131\u015f\u0131na ra\u011fmen i\u015flem yap\u0131lan ara\u00e7 say\u0131s\u0131ndaki art\u0131\u015f\u0131n y\u00fczde 18\u2019de kald\u0131\u011f\u0131n\u0131 vurgulad\u0131. Ticari taksi denetimleri y\u00fczde 21 artarken kesilen cezalar y\u00fczde 2 azald\u0131. Okul servislerinde ise denetimlerin y\u00fczde 65, cezai i\u015flemlerin ise y\u00fczde 18 oran\u0131nda artt\u0131\u011f\u0131 bilgisi payla\u015f\u0131ld\u0131.<\/p>\n<p>Suriyeli say\u0131s\u0131nda d\u00fc\u015f\u00fc\u015f<br \/>\n<br \/>\u0130zmir\u2019deki g\u00f6\u00e7 verilerine de de\u011finen Vali S\u00fcleyman Elban, kentte ge\u00e7ici koruma stat\u00fcs\u00fcyle bulunan Suriyeli say\u0131s\u0131n\u0131n 98 bin 897\u2019ye geriledi\u011fini a\u00e7\u0131klad\u0131. Elban, su\u00e7la m\u00fccadelenin cayd\u0131r\u0131c\u0131l\u0131k ve b\u00fct\u00fcnc\u00fcl yakla\u015f\u0131m prensibiyle kararl\u0131l\u0131kla s\u00fcrd\u00fcr\u00fclece\u011fini ifade etti.<br \/><\/p>\n","protected":false},"excerpt":{"rendered":"<p>\u0130zmir Valisi S\u00fcleyman Elban, kentteki g\u00fcvenlik ve asayi\u015f verilerini payla\u015farak, 2025 y\u0131l\u0131nda emniyet, jandarma ve sahil g\u00fcvenlik birimlerinin koordineli \u00e7al\u0131\u015fmalar\u0131 sonucunda su\u00e7 oranlar\u0131nda ciddi d\u00fc\u015f\u00fc\u015fler ya\u015fand\u0131\u011f\u0131n\u0131 a\u00e7\u0131klad\u0131. A\u00e7\u0131klamas\u0131nda, ge\u00e7ti\u011fimiz y\u0131l 212 su\u00e7 \u00f6rg\u00fct\u00fcn\u00fcn \u00e7\u00f6kertildi\u011fini s\u00f6yleyen Vali Elban, kentteki su\u00e7 oran\u0131n\u0131n y\u00fczde 11 geriledi\u011fini vurgulad\u0131. \u0130zmir Valisi Dr. S\u00fcleyman Elban, beraberindeki \u0130l Emniyet M\u00fcd\u00fcr\u00fc Celal Sel,&#8230;<\/p>\n","protected":false},"author":1,"featured_media":81165,"comment_status":"open","ping_status":"open","sticky":false,"template":"","format":"standard","meta":{"_crdt_document":"","footnotes":""},"categories":[5],"tags":[],"class_list":["post-81164","post","type-post","status-publish","format-standard","has-post-thumbnail","hentry","category-asayis"],"_links":{"self":[{"href":"https:\/\/www.egemtv.com\/index.php?rest_route=\/wp\/v2\/posts\/81164","targetHints":{"allow":["GET"]}}],"collection":[{"href":"https:\/\/www.egemtv.com\/index.php?rest_route=\/wp\/v2\/posts"}],"about":[{"href":"https:\/\/www.egemtv.com\/index.php?rest_route=\/wp\/v2\/types\/post"}],"author":[{"embeddable":true,"href":"https:\/\/www.egemtv.com\/index.php?rest_route=\/wp\/v2\/users\/1"}],"replies":[{"embeddable":true,"href":"https:\/\/www.egemtv.com\/index.php?rest_route=%2Fwp%2Fv2%2Fcomments&post=81164"}],"version-history":[{"count":1,"href":"https:\/\/www.egemtv.com\/index.php?rest_route=\/wp\/v2\/posts\/81164\/revisions"}],"predecessor-version":[{"id":81166,"href":"https:\/\/www.egemtv.com\/index.php?rest_route=\/wp\/v2\/posts\/81164\/revisions\/81166"}],"wp:featuredmedia":[{"embeddable":true,"href":"https:\/\/www.egemtv.com\/index.php?rest_route=\/wp\/v2\/media\/81165"}],"wp:attachment":[{"href":"https:\/\/www.egemtv.com\/index.php?rest_route=%2Fwp%2Fv2%2Fmedia&parent=81164"}],"wp:term":[{"taxonomy":"category","embeddable":true,"href":"https:\/\/www.egemtv.com\/index.php?rest_route=%2Fwp%2Fv2%2Fcategories&post=81164"},{"taxonomy":"post_tag","embeddable":true,"href":"https:\/\/www.egemtv.com\/index.php?rest_route=%2Fwp%2Fv2%2Ftags&post=81164"}],"curies":[{"name":"wp","href":"https:\/\/api.w.org\/{rel}","templated":true}]}}