{"id":81161,"date":"2026-01-16T12:55:15","date_gmt":"2026-01-16T09:55:15","guid":{"rendered":"https:\/\/www.egemtv.com\/?p=81161"},"modified":"2026-01-16T12:55:16","modified_gmt":"2026-01-16T09:55:16","slug":"muglada-161-bin-ogrenci-karne-aldi-yariyil-tatili-basladi","status":"publish","type":"post","link":"https:\/\/www.egemtv.com\/?p=81161","title":{"rendered":"Mu\u011fla\u2019da 161 bin \u00f6\u011frenci karne ald\u0131, yar\u0131y\u0131l tatili ba\u015flad\u0131"},"content":{"rendered":"<p>T\u00fcm T\u00fcrkiye\u2019de oldu\u011fu gibi Mu\u011fla\u2019da da 2025-2026 e\u011fitim-\u00f6\u011fretim y\u0131l\u0131n\u0131n ilk yar\u0131s\u0131 sona erdi. Mu\u011fla genelinde karne heyecan\u0131 ya\u015fayan 161 bin \u00f6\u011frenci ve 15 bin \u00f6\u011fretmen, d\u00fczenlenen t\u00f6renlerle iki haftal\u0131k yar\u0131y\u0131l tatiline girdi.<\/p>\n<p>Mu\u011fla genelindeki resmi ve \u00f6zel toplam 823 okulda e\u015f zamanl\u0131 olarak karne heyecan\u0131 ya\u015fand\u0131. \u0130l genelindeki resmi karne t\u00f6reni ise bu y\u0131l Mu\u011fla \u015eehit Altu\u011f Pek Anadolu Lisesi\u2019nde ger\u00e7ekle\u015ftirildi. T\u00f6rene Mu\u011fla Valisi Dr. \u0130dris Akb\u0131y\u0131k, e\u011fitim y\u00f6neticileri, \u00f6\u011fretmenler kat\u0131ld\u0131. S\u0131n\u0131flar\u0131 tek tek dola\u015farak \u00f6\u011frencilerle bir araya gelen ve karnelerini bizzat takdim eden Vali Dr. \u0130dris Akb\u0131y\u0131k, \u00f6\u011frencilere hitaben anlaml\u0131 bir konu\u015fma yapt\u0131. Gen\u00e7lerin her anlamda donan\u0131ml\u0131 yeti\u015fmesi gerekti\u011fini vurgulayan Akb\u0131y\u0131k, &#8220;Mutlu, \u00e7al\u0131\u015fkan, \u00e7evreye duyarl\u0131, insana duyarl\u0131, tarihimize ve k\u00fclt\u00fcr\u00fcm\u00fcze duyarl\u0131 insanlar olarak yeti\u015fmenizi arzu ediyoruz. Sizleri anlamak; duygular\u0131n\u0131z\u0131, d\u00fc\u015f\u00fcncelerinizi, ne istedi\u011finizi o \u00e7er\u00e7evede de\u011ferlendirmek istiyoruz. Gen\u00e7li\u011fimizi madden ve manen en iyi \u015fekilde korumak, Cumhuriyetimizi, \u00fclkemizi ve Mu\u011fla\u2019m\u0131z\u0131 emanet edece\u011fimiz nesilleri en iyi \u015fekilde yeti\u015ftirmek temel gayemizdir&#8221; dedi.<\/p>\n<p>Mu\u011fla\u2019da \u2019gen\u00e7lik y\u0131l\u0131\u2019 ilan edildi<br \/>\n<br \/>Vali Akb\u0131y\u0131k, gen\u00e7lere y\u00f6nelik fark\u0131ndal\u0131\u011f\u0131 art\u0131rmak ad\u0131na t\u00fcm kurumlarla i\u015f birli\u011fi i\u00e7inde olduklar\u0131n\u0131 belirterek, i\u00e7inde bulundu\u011fumuz y\u0131l\u0131n \u2019Gen\u00e7lik Y\u0131l\u0131\u2019 ilan edildi\u011fini duyurdu. Belediyeden sivil toplum kurulu\u015flar\u0131na kadar her kesimin bu s\u00fcrece dahil oldu\u011funu ifade eden Akb\u0131y\u0131k, gen\u00e7lere y\u00f6nelik bir\u00e7ok projenin hayata ge\u00e7irilece\u011fini m\u00fcjdeledi.<\/p>\n<p>\u2019Bir kitap, bir insan\u2019 okuma seferberli\u011fi s\u00fcrecek<br \/>\n<br \/>E\u011fitimin en \u00f6nemli aya\u011f\u0131n\u0131n okumak oldu\u011funun alt\u0131n\u0131 \u00e7izen Vali Dr. \u0130dris Akb\u0131y\u0131k, &#8220;Bir Kitap, Bir \u0130nsan&#8221; projesine dikkat \u00e7ekerek konu\u015fmas\u0131n\u0131 \u015f\u00f6yle tamamlad\u0131: &#8220;Okumay\u0131 hi\u00e7bir zaman b\u0131rakm\u0131yoruz. \u00c7ok okuyaca\u011f\u0131z; ne kadar okursak o kadar ba\u015far\u0131l\u0131 oluruz. Biz maalesef millet olarak az okuyan bir milletiz. Bu al\u0131\u015fkanl\u0131\u011f\u0131 de\u011fi\u015ftirmeli ve kitaplarla olan ba\u011f\u0131m\u0131z\u0131 g\u00fc\u00e7lendirmeliyiz&#8221; ifadelerini kulland\u0131.<\/p>\n<p>T\u00f6ren, \u00f6\u011frencilerin karne sevinci ve protokol \u00fcyeleriyle \u00e7ektirilen hat\u0131ra foto\u011fraflar\u0131n\u0131n ard\u0131ndan sona erdi. Mu\u011fla genelindeki 161 bin 583 \u00f6\u011frenci ve 15 bin 943 \u00f6\u011fretmen, 15 g\u00fcnl\u00fck tatilin ard\u0131ndan ders ba\u015f\u0131 yapacak.<br \/><\/p>\n","protected":false},"excerpt":{"rendered":"<p>T\u00fcm T\u00fcrkiye\u2019de oldu\u011fu gibi Mu\u011fla\u2019da da 2025-2026 e\u011fitim-\u00f6\u011fretim y\u0131l\u0131n\u0131n ilk yar\u0131s\u0131 sona erdi. Mu\u011fla genelinde karne heyecan\u0131 ya\u015fayan 161 bin \u00f6\u011frenci ve 15 bin \u00f6\u011fretmen, d\u00fczenlenen t\u00f6renlerle iki haftal\u0131k yar\u0131y\u0131l tatiline girdi. Mu\u011fla genelindeki resmi ve \u00f6zel toplam 823 okulda e\u015f zamanl\u0131 olarak karne heyecan\u0131 ya\u015fand\u0131. \u0130l genelindeki resmi karne t\u00f6reni ise bu y\u0131l Mu\u011fla&#8230;<\/p>\n","protected":false},"author":1,"featured_media":81162,"comment_status":"open","ping_status":"open","sticky":false,"template":"","format":"standard","meta":{"_crdt_document":"","footnotes":""},"categories":[1],"tags":[],"class_list":["post-81161","post","type-post","status-publish","format-standard","has-post-thumbnail","hentry","category-guncel"],"_links":{"self":[{"href":"https:\/\/www.egemtv.com\/index.php?rest_route=\/wp\/v2\/posts\/81161","targetHints":{"allow":["GET"]}}],"collection":[{"href":"https:\/\/www.egemtv.com\/index.php?rest_route=\/wp\/v2\/posts"}],"about":[{"href":"https:\/\/www.egemtv.com\/index.php?rest_route=\/wp\/v2\/types\/post"}],"author":[{"embeddable":true,"href":"https:\/\/www.egemtv.com\/index.php?rest_route=\/wp\/v2\/users\/1"}],"replies":[{"embeddable":true,"href":"https:\/\/www.egemtv.com\/index.php?rest_route=%2Fwp%2Fv2%2Fcomments&post=81161"}],"version-history":[{"count":1,"href":"https:\/\/www.egemtv.com\/index.php?rest_route=\/wp\/v2\/posts\/81161\/revisions"}],"predecessor-version":[{"id":81163,"href":"https:\/\/www.egemtv.com\/index.php?rest_route=\/wp\/v2\/posts\/81161\/revisions\/81163"}],"wp:featuredmedia":[{"embeddable":true,"href":"https:\/\/www.egemtv.com\/index.php?rest_route=\/wp\/v2\/media\/81162"}],"wp:attachment":[{"href":"https:\/\/www.egemtv.com\/index.php?rest_route=%2Fwp%2Fv2%2Fmedia&parent=81161"}],"wp:term":[{"taxonomy":"category","embeddable":true,"href":"https:\/\/www.egemtv.com\/index.php?rest_route=%2Fwp%2Fv2%2Fcategories&post=81161"},{"taxonomy":"post_tag","embeddable":true,"href":"https:\/\/www.egemtv.com\/index.php?rest_route=%2Fwp%2Fv2%2Ftags&post=81161"}],"curies":[{"name":"wp","href":"https:\/\/api.w.org\/{rel}","templated":true}]}}