{"id":81158,"date":"2026-01-16T11:35:12","date_gmt":"2026-01-16T08:35:12","guid":{"rendered":"https:\/\/www.egemtv.com\/?p=81158"},"modified":"2026-01-16T11:35:12","modified_gmt":"2026-01-16T08:35:12","slug":"muglada-motorlu-arac-sayisi-768-bin-233e-ulasti","status":"publish","type":"post","link":"https:\/\/www.egemtv.com\/?p=81158","title":{"rendered":"Mu\u011fla\u2019da motorlu ara\u00e7 say\u0131s\u0131 768 bin 233\u2019e ula\u015ft\u0131"},"content":{"rendered":"<p>T\u00fcrkiye \u0130statistik Kurumu (T\u00dc\u0130K), 2025 y\u0131l\u0131 Aral\u0131k ay\u0131 Motorlu Kara Ta\u015f\u0131tlar\u0131 \u0130statistiklerini a\u00e7\u0131klad\u0131. Verilere g\u00f6re Mu\u011fla\u2019da 2025 y\u0131l\u0131 Aral\u0131k ay\u0131 sonu itibari ile trafi\u011fe kay\u0131tl\u0131 ara\u00e7 say\u0131s\u0131 768 bin 233\u2019e ula\u015ft\u0131<br \/>\n<br \/>T\u00dc\u0130K verilerine g\u00f6re, Aral\u0131k 2025\u2019te Kas\u0131m ay\u0131na g\u00f6re ara\u00e7 say\u0131s\u0131nda 5 bin 366 art\u0131\u015f ya\u015fand\u0131. Kas\u0131l ay\u0131nda 762 bin 867 olan ara\u00e7 say\u0131s\u0131 Aral\u0131k ay\u0131nda 768 bin 233\u2019e y\u00fckseldi. Mu\u011fla\u2019da en fazla motorlu ara\u00e7 312 bin 204 ile motosiklet oldu.<br \/>\n<br \/>Aral\u0131k ay\u0131nda ara\u00e7 t\u00fcrlerine g\u00f6re de\u011fi\u015fim \u015f\u00f6yle ger\u00e7ekle\u015fti: Otomobil say\u0131s\u0131 281 bin 049\u2019dan 283 bin 911\u2019e, minib\u00fcs say\u0131s\u0131 10 bin 930\u2019dan 10 bin 955\u2019e \u00e7\u0131kt\u0131. Otob\u00fcs say\u0131s\u0131 4 bin 158\u2019de kal\u0131rken, kamyonet say\u0131s\u0131 97 bin 747\u2019den 98 bin 226\u2019ya, Kamyon say\u0131s\u0131 12 bin 872\u2019den 12 bin 907\u2019ye, motosiklet say\u0131s\u0131 ise 310 bin 408\u2019den 312 bin 204 y\u00fckseldi. \u00d6zel ama\u00e7l\u0131 ara\u00e7 say\u0131s\u0131 2 bin 605\u2019den 2 bin 635 y\u00fckselirken, trakt\u00f6r say\u0131s\u0131 da 43 bin 98\u2019den 43 bin 237\u2019ye y\u00fckseldi.<br \/><\/p>\n","protected":false},"excerpt":{"rendered":"<p>T\u00fcrkiye \u0130statistik Kurumu (T\u00dc\u0130K), 2025 y\u0131l\u0131 Aral\u0131k ay\u0131 Motorlu Kara Ta\u015f\u0131tlar\u0131 \u0130statistiklerini a\u00e7\u0131klad\u0131. Verilere g\u00f6re Mu\u011fla\u2019da 2025 y\u0131l\u0131 Aral\u0131k ay\u0131 sonu itibari ile trafi\u011fe kay\u0131tl\u0131 ara\u00e7 say\u0131s\u0131 768 bin 233\u2019e ula\u015ft\u0131 T\u00dc\u0130K verilerine g\u00f6re, Aral\u0131k 2025\u2019te Kas\u0131m ay\u0131na g\u00f6re ara\u00e7 say\u0131s\u0131nda 5 bin 366 art\u0131\u015f ya\u015fand\u0131. Kas\u0131l ay\u0131nda 762 bin 867 olan ara\u00e7 say\u0131s\u0131 Aral\u0131k&#8230;<\/p>\n","protected":false},"author":1,"featured_media":81159,"comment_status":"open","ping_status":"open","sticky":false,"template":"","format":"standard","meta":{"_crdt_document":"","footnotes":""},"categories":[125],"tags":[],"class_list":["post-81158","post","type-post","status-publish","format-standard","has-post-thumbnail","hentry","category-ekonomi"],"_links":{"self":[{"href":"https:\/\/www.egemtv.com\/index.php?rest_route=\/wp\/v2\/posts\/81158","targetHints":{"allow":["GET"]}}],"collection":[{"href":"https:\/\/www.egemtv.com\/index.php?rest_route=\/wp\/v2\/posts"}],"about":[{"href":"https:\/\/www.egemtv.com\/index.php?rest_route=\/wp\/v2\/types\/post"}],"author":[{"embeddable":true,"href":"https:\/\/www.egemtv.com\/index.php?rest_route=\/wp\/v2\/users\/1"}],"replies":[{"embeddable":true,"href":"https:\/\/www.egemtv.com\/index.php?rest_route=%2Fwp%2Fv2%2Fcomments&post=81158"}],"version-history":[{"count":1,"href":"https:\/\/www.egemtv.com\/index.php?rest_route=\/wp\/v2\/posts\/81158\/revisions"}],"predecessor-version":[{"id":81160,"href":"https:\/\/www.egemtv.com\/index.php?rest_route=\/wp\/v2\/posts\/81158\/revisions\/81160"}],"wp:featuredmedia":[{"embeddable":true,"href":"https:\/\/www.egemtv.com\/index.php?rest_route=\/wp\/v2\/media\/81159"}],"wp:attachment":[{"href":"https:\/\/www.egemtv.com\/index.php?rest_route=%2Fwp%2Fv2%2Fmedia&parent=81158"}],"wp:term":[{"taxonomy":"category","embeddable":true,"href":"https:\/\/www.egemtv.com\/index.php?rest_route=%2Fwp%2Fv2%2Fcategories&post=81158"},{"taxonomy":"post_tag","embeddable":true,"href":"https:\/\/www.egemtv.com\/index.php?rest_route=%2Fwp%2Fv2%2Ftags&post=81158"}],"curies":[{"name":"wp","href":"https:\/\/api.w.org\/{rel}","templated":true}]}}