{"id":81155,"date":"2026-01-16T11:35:11","date_gmt":"2026-01-16T08:35:11","guid":{"rendered":"https:\/\/www.egemtv.com\/?p=81155"},"modified":"2026-01-16T11:35:11","modified_gmt":"2026-01-16T08:35:11","slug":"tavsanli-15-temmuz-fen-lisesinden-huzurevine-ziyaret","status":"publish","type":"post","link":"https:\/\/www.egemtv.com\/?p=81155","title":{"rendered":"Tav\u015fanl\u0131 15 Temmuz Fen lisesinden huzurevine ziyaret"},"content":{"rendered":"<p>K\u00fctahya\u2019n\u0131n Tav\u015fanl\u0131 il\u00e7esinde de\u011ferler e\u011fitimi kapsam\u0131nda ger\u00e7ekle\u015ftirilen huzurevi ziyareti, gen\u00e7 ku\u015faklar ile \u00e7\u0131narlar aras\u0131nda duygu dolu anlara sahne oldu. Ziyaret sonunda ya\u015fl\u0131lar\u0131n &#8220;Bizi unutmay\u0131n&#8221; iste\u011fine gen\u00e7ler, &#8220;S\u00f6z veriyoruz, unutmayaca\u011f\u0131z&#8221; diyerek kar\u015f\u0131l\u0131k verdi.<br \/>\n<br \/>De\u011ferler e\u011fitimi \u00e7al\u0131\u015fmalar\u0131 \u00e7er\u00e7evesinde fark\u0131ndal\u0131k olu\u015fturmak amac\u0131yla d\u00fczenlenen etkinlikte \u00f6\u011frenciler, Dost Kalpler Derne\u011fi i\u015f birli\u011fiyle Tav\u015fanl\u0131 Cemil K\u00f6yl\u00fc Huzurevi sakinlerini ziyaret etti. B\u00fcy\u00fcklerin ellerini \u00f6p\u00fcp hay\u0131r dualar\u0131n\u0131 alan gen\u00e7ler, ya\u015fl\u0131larla uzun s\u00fcre sohbet ederek ge\u00e7mi\u015fin tecr\u00fcbelerinden faydaland\u0131.<br \/>\n<br \/>Huzurevi sakinleriyle ayn\u0131 masada oturup \u00e7ay i\u00e7en ve dertle\u015fen \u00f6\u011frenciler, ya\u015fl\u0131lar\u0131n y\u00fcz\u00fcndeki tebess\u00fcme ortak oldu. Ziyaretin her an\u0131 duygu y\u00fckl\u00fc ge\u00e7erken, gen\u00e7lerin g\u00f6sterdi\u011fi vefa \u00f6rne\u011fi huzurevi sakinlerini olduk\u00e7a memnun etti.<br \/>\n<br \/>Ziyaret sonras\u0131 duygular\u0131n\u0131 payla\u015fan \u00f6\u011frenciler, b\u00fcy\u00fcklerle vakit ge\u00e7irmenin kendileri i\u00e7in e\u015fsiz bir tecr\u00fcbe oldu\u011funu belirterek \u015fu ifadeleri kulland\u0131lar:<br \/>\n<br \/>&#8220;B\u00fcy\u00fcklerimizin ellerinden \u00f6p\u00fcp hay\u0131r dualar\u0131n\u0131 almak i\u00e7in buradayd\u0131k. Onlarla dertle\u015ftik, muhabbeti payla\u015ft\u0131k. Vedala\u015f\u0131rken bizlere \u2019Bizi unutmay\u0131n\u2019 dediler. Biz de onlara s\u00f6z verdik; asla unutmayaca\u011f\u0131z. Hay\u0131r dualar\u0131n\u0131 alarak, g\u00f6n\u00fcllerimizde derin izlerle buradan ayr\u0131l\u0131yoruz.&#8221;<br \/>\n<br \/>Dost Kalpler Derne\u011fi yetkilileri ise bu t\u00fcr etkinliklerin gen\u00e7lerin merhamet, sayg\u0131 ve vefa duygular\u0131n\u0131 peki\u015ftirdi\u011fini vurgulad\u0131. Huzurevi ziyareti, \u00e7ekilen hat\u0131ra foto\u011fraflar\u0131n\u0131n ard\u0131ndan dualarla sona erdi.<br \/><\/p>\n","protected":false},"excerpt":{"rendered":"<p>K\u00fctahya\u2019n\u0131n Tav\u015fanl\u0131 il\u00e7esinde de\u011ferler e\u011fitimi kapsam\u0131nda ger\u00e7ekle\u015ftirilen huzurevi ziyareti, gen\u00e7 ku\u015faklar ile \u00e7\u0131narlar aras\u0131nda duygu dolu anlara sahne oldu. Ziyaret sonunda ya\u015fl\u0131lar\u0131n &#8220;Bizi unutmay\u0131n&#8221; iste\u011fine gen\u00e7ler, &#8220;S\u00f6z veriyoruz, unutmayaca\u011f\u0131z&#8221; diyerek kar\u015f\u0131l\u0131k verdi. De\u011ferler e\u011fitimi \u00e7al\u0131\u015fmalar\u0131 \u00e7er\u00e7evesinde fark\u0131ndal\u0131k olu\u015fturmak amac\u0131yla d\u00fczenlenen etkinlikte \u00f6\u011frenciler, Dost Kalpler Derne\u011fi i\u015f birli\u011fiyle Tav\u015fanl\u0131 Cemil K\u00f6yl\u00fc Huzurevi sakinlerini ziyaret etti. B\u00fcy\u00fcklerin&#8230;<\/p>\n","protected":false},"author":1,"featured_media":81156,"comment_status":"open","ping_status":"open","sticky":false,"template":"","format":"standard","meta":{"_crdt_document":"","footnotes":""},"categories":[1],"tags":[],"class_list":["post-81155","post","type-post","status-publish","format-standard","has-post-thumbnail","hentry","category-guncel"],"_links":{"self":[{"href":"https:\/\/www.egemtv.com\/index.php?rest_route=\/wp\/v2\/posts\/81155","targetHints":{"allow":["GET"]}}],"collection":[{"href":"https:\/\/www.egemtv.com\/index.php?rest_route=\/wp\/v2\/posts"}],"about":[{"href":"https:\/\/www.egemtv.com\/index.php?rest_route=\/wp\/v2\/types\/post"}],"author":[{"embeddable":true,"href":"https:\/\/www.egemtv.com\/index.php?rest_route=\/wp\/v2\/users\/1"}],"replies":[{"embeddable":true,"href":"https:\/\/www.egemtv.com\/index.php?rest_route=%2Fwp%2Fv2%2Fcomments&post=81155"}],"version-history":[{"count":1,"href":"https:\/\/www.egemtv.com\/index.php?rest_route=\/wp\/v2\/posts\/81155\/revisions"}],"predecessor-version":[{"id":81157,"href":"https:\/\/www.egemtv.com\/index.php?rest_route=\/wp\/v2\/posts\/81155\/revisions\/81157"}],"wp:featuredmedia":[{"embeddable":true,"href":"https:\/\/www.egemtv.com\/index.php?rest_route=\/wp\/v2\/media\/81156"}],"wp:attachment":[{"href":"https:\/\/www.egemtv.com\/index.php?rest_route=%2Fwp%2Fv2%2Fmedia&parent=81155"}],"wp:term":[{"taxonomy":"category","embeddable":true,"href":"https:\/\/www.egemtv.com\/index.php?rest_route=%2Fwp%2Fv2%2Fcategories&post=81155"},{"taxonomy":"post_tag","embeddable":true,"href":"https:\/\/www.egemtv.com\/index.php?rest_route=%2Fwp%2Fv2%2Ftags&post=81155"}],"curies":[{"name":"wp","href":"https:\/\/api.w.org\/{rel}","templated":true}]}}