{"id":81152,"date":"2026-01-16T11:35:10","date_gmt":"2026-01-16T08:35:10","guid":{"rendered":"https:\/\/www.egemtv.com\/?p=81152"},"modified":"2026-01-16T11:35:11","modified_gmt":"2026-01-16T08:35:11","slug":"en-cok-kitap-okuyanlar-odullendirildi","status":"publish","type":"post","link":"https:\/\/www.egemtv.com\/?p=81152","title":{"rendered":"En \u00e7ok kitap okuyanlar \u00f6d\u00fcllendirildi"},"content":{"rendered":"<p>K\u00fctahya\u2019n\u0131n Tav\u015fanl\u0131 il\u00e7esinde, Zeytino\u011flu \u0130l\u00e7e Halk K\u00fct\u00fcphanesi M\u00fcd\u00fcrl\u00fc\u011f\u00fc taraf\u0131ndan d\u00fczenlenen geleneksel &#8220;Y\u0131l\u0131n En \u00c7ok Kitap Okuyanlar\u0131&#8221; \u00f6d\u00fcl t\u00f6reni ger\u00e7ekle\u015ftirildi. 2025 y\u0131l\u0131 boyunca k\u00fct\u00fcphane imkanlar\u0131ndan en \u00fcst d\u00fczeyde faydalanan kitapseverler, d\u00fczenlenen t\u00f6renle \u00f6d\u00fcllerine kavu\u015ftu.<br \/>\n<br \/>Tav\u015fanl\u0131 Zeytino\u011flu \u0130l\u00e7e Halk K\u00fct\u00fcphanesi\u2019nde d\u00fczenlenen programa; Tav\u015fanl\u0131 Kaymakam\u0131 \u00d6mer Faruk \u00d6zdemir, e\u015fi Hatice B\u00fc\u015fra \u00d6zdemir, K\u00fct\u00fcphane M\u00fcd\u00fcr\u00fc \u00dclk\u00fc Bekta\u015f, \u0130l\u00e7e Milli E\u011fitim M\u00fcd\u00fcr\u00fc Ra\u015fit Refik K\u00fc\u00e7\u00fckka\u011fn\u0131c\u0131 ve \u00e7ok say\u0131da davetli kat\u0131ld\u0131.<br \/>\n<br \/>Okuma al\u0131\u015fkanl\u0131\u011f\u0131n\u0131 te\u015fvik etmek ve k\u00fct\u00fcphanelerin sosyal ya\u015famdaki \u00f6nemine dikkat \u00e7ekmek amac\u0131yla d\u00fczenlenen etkinlikte, alt\u0131 farkl\u0131 kategoride en \u00e7ok kitap okuyan isimler belirlendi. Program kapsam\u0131nda; Okul \u00d6ncesi, \u0130lkokul, Ortaokul, Lise, Yeti\u015fkin ve 65 Ya\u015f \u00dcst\u00fc kategorilerinde dereceye giren okuyuculara protokol \u00fcyeleri taraf\u0131ndan \u00f6d\u00fclleri takdim edildi.<br \/>\n<br \/>T\u00f6rende konu\u015fan Tav\u015fanl\u0131 Kaymakam\u0131 \u00d6mer Faruk \u00d6zdemir, kitap okuman\u0131n her ya\u015fta devam etmesi gereken bir ser\u00fcven oldu\u011funu vurgulayarak, dereceye giren okuyucular\u0131 tebrik etti. \u00d6zellikle okul \u00f6ncesi ve 65 ya\u015f \u00fcst\u00fc kategorilerdeki kat\u0131l\u0131m\u0131n memnuniyet verici oldu\u011funu ifade eden \u00d6zdemir, k\u00fct\u00fcphane y\u00f6netimini \u00e7al\u0131\u015fmalar\u0131ndan dolay\u0131 kutlad\u0131.<br \/><\/p>\n","protected":false},"excerpt":{"rendered":"<p>K\u00fctahya\u2019n\u0131n Tav\u015fanl\u0131 il\u00e7esinde, Zeytino\u011flu \u0130l\u00e7e Halk K\u00fct\u00fcphanesi M\u00fcd\u00fcrl\u00fc\u011f\u00fc taraf\u0131ndan d\u00fczenlenen geleneksel &#8220;Y\u0131l\u0131n En \u00c7ok Kitap Okuyanlar\u0131&#8221; \u00f6d\u00fcl t\u00f6reni ger\u00e7ekle\u015ftirildi. 2025 y\u0131l\u0131 boyunca k\u00fct\u00fcphane imkanlar\u0131ndan en \u00fcst d\u00fczeyde faydalanan kitapseverler, d\u00fczenlenen t\u00f6renle \u00f6d\u00fcllerine kavu\u015ftu. Tav\u015fanl\u0131 Zeytino\u011flu \u0130l\u00e7e Halk K\u00fct\u00fcphanesi\u2019nde d\u00fczenlenen programa; Tav\u015fanl\u0131 Kaymakam\u0131 \u00d6mer Faruk \u00d6zdemir, e\u015fi Hatice B\u00fc\u015fra \u00d6zdemir, K\u00fct\u00fcphane M\u00fcd\u00fcr\u00fc \u00dclk\u00fc Bekta\u015f, \u0130l\u00e7e Milli&#8230;<\/p>\n","protected":false},"author":1,"featured_media":81153,"comment_status":"open","ping_status":"open","sticky":false,"template":"","format":"standard","meta":{"_crdt_document":"","footnotes":""},"categories":[1],"tags":[],"class_list":["post-81152","post","type-post","status-publish","format-standard","has-post-thumbnail","hentry","category-guncel"],"_links":{"self":[{"href":"https:\/\/www.egemtv.com\/index.php?rest_route=\/wp\/v2\/posts\/81152","targetHints":{"allow":["GET"]}}],"collection":[{"href":"https:\/\/www.egemtv.com\/index.php?rest_route=\/wp\/v2\/posts"}],"about":[{"href":"https:\/\/www.egemtv.com\/index.php?rest_route=\/wp\/v2\/types\/post"}],"author":[{"embeddable":true,"href":"https:\/\/www.egemtv.com\/index.php?rest_route=\/wp\/v2\/users\/1"}],"replies":[{"embeddable":true,"href":"https:\/\/www.egemtv.com\/index.php?rest_route=%2Fwp%2Fv2%2Fcomments&post=81152"}],"version-history":[{"count":1,"href":"https:\/\/www.egemtv.com\/index.php?rest_route=\/wp\/v2\/posts\/81152\/revisions"}],"predecessor-version":[{"id":81154,"href":"https:\/\/www.egemtv.com\/index.php?rest_route=\/wp\/v2\/posts\/81152\/revisions\/81154"}],"wp:featuredmedia":[{"embeddable":true,"href":"https:\/\/www.egemtv.com\/index.php?rest_route=\/wp\/v2\/media\/81153"}],"wp:attachment":[{"href":"https:\/\/www.egemtv.com\/index.php?rest_route=%2Fwp%2Fv2%2Fmedia&parent=81152"}],"wp:term":[{"taxonomy":"category","embeddable":true,"href":"https:\/\/www.egemtv.com\/index.php?rest_route=%2Fwp%2Fv2%2Fcategories&post=81152"},{"taxonomy":"post_tag","embeddable":true,"href":"https:\/\/www.egemtv.com\/index.php?rest_route=%2Fwp%2Fv2%2Ftags&post=81152"}],"curies":[{"name":"wp","href":"https:\/\/api.w.org\/{rel}","templated":true}]}}