{"id":81149,"date":"2026-01-16T11:35:09","date_gmt":"2026-01-16T08:35:09","guid":{"rendered":"https:\/\/www.egemtv.com\/?p=81149"},"modified":"2026-01-16T11:35:10","modified_gmt":"2026-01-16T08:35:10","slug":"baskan-arslan-ogrencilerin-karne-sevincine-ortak-oldu","status":"publish","type":"post","link":"https:\/\/www.egemtv.com\/?p=81149","title":{"rendered":"Ba\u015fkan Arslan \u00f6\u011frencilerin karne sevincine ortak oldu"},"content":{"rendered":"<p>2025-2026 E\u011fitim-\u00d6\u011fretim Y\u0131l\u0131\u2019n\u0131n ilk d\u00f6nemini tamamlayan \u00f6\u011frenciler karne heyecan\u0131 ya\u015farken, \u00c7ameli Belediye Ba\u015fkan\u0131 Cengiz Arslan da \u00f6\u011frencilerin sevincine ortak oldu.<br \/>\n<br \/>2025-2026 E\u011fitim-\u00d6\u011fretim Y\u0131l\u0131\u2019n\u0131n ilk d\u00f6nemini ba\u015far\u0131yla tamamlayan \u00f6\u011frenciler, karne alman\u0131n mutlulu\u011funu ya\u015fad\u0131. \u00c7ameli\u2019de ki okullarda d\u00fczenlenen karne t\u00f6renlerinde \u00f6\u011frencileri yaln\u0131z b\u0131rakmayan \u00c7ameli Belediye Ba\u015fkan\u0131 Cengiz Arslan, bu \u00f6zel g\u00fcnde \u00f6\u011frencilerle bir araya gelerek karne sevincine ortak oldu.<br \/>\n<br \/>S\u0131n\u0131flar\u0131 ziyaret ederek \u00f6\u011frencilerle yak\u0131ndan ilgilenen Ba\u015fkan Arslan, \u00f6\u011frencilere karnelerini takdim etti ve ba\u015far\u0131lar\u0131ndan dolay\u0131 tebrik etti. \u00d6\u011frencilerle sohbet eden Ba\u015fkan Arslan, e\u011fitimin ve eme\u011fin \u00f6nemine dikkat \u00e7ekerek t\u00fcm \u00f6\u011frencilere ba\u015far\u0131lar\u0131n\u0131n devam\u0131n\u0131 diledi.<br \/><\/p>\n","protected":false},"excerpt":{"rendered":"<p>2025-2026 E\u011fitim-\u00d6\u011fretim Y\u0131l\u0131\u2019n\u0131n ilk d\u00f6nemini tamamlayan \u00f6\u011frenciler karne heyecan\u0131 ya\u015farken, \u00c7ameli Belediye Ba\u015fkan\u0131 Cengiz Arslan da \u00f6\u011frencilerin sevincine ortak oldu. 2025-2026 E\u011fitim-\u00d6\u011fretim Y\u0131l\u0131\u2019n\u0131n ilk d\u00f6nemini ba\u015far\u0131yla tamamlayan \u00f6\u011frenciler, karne alman\u0131n mutlulu\u011funu ya\u015fad\u0131. \u00c7ameli\u2019de ki okullarda d\u00fczenlenen karne t\u00f6renlerinde \u00f6\u011frencileri yaln\u0131z b\u0131rakmayan \u00c7ameli Belediye Ba\u015fkan\u0131 Cengiz Arslan, bu \u00f6zel g\u00fcnde \u00f6\u011frencilerle bir araya gelerek karne sevincine&#8230;<\/p>\n","protected":false},"author":1,"featured_media":81150,"comment_status":"open","ping_status":"open","sticky":false,"template":"","format":"standard","meta":{"_crdt_document":"","footnotes":""},"categories":[1],"tags":[],"class_list":["post-81149","post","type-post","status-publish","format-standard","has-post-thumbnail","hentry","category-guncel"],"_links":{"self":[{"href":"https:\/\/www.egemtv.com\/index.php?rest_route=\/wp\/v2\/posts\/81149","targetHints":{"allow":["GET"]}}],"collection":[{"href":"https:\/\/www.egemtv.com\/index.php?rest_route=\/wp\/v2\/posts"}],"about":[{"href":"https:\/\/www.egemtv.com\/index.php?rest_route=\/wp\/v2\/types\/post"}],"author":[{"embeddable":true,"href":"https:\/\/www.egemtv.com\/index.php?rest_route=\/wp\/v2\/users\/1"}],"replies":[{"embeddable":true,"href":"https:\/\/www.egemtv.com\/index.php?rest_route=%2Fwp%2Fv2%2Fcomments&post=81149"}],"version-history":[{"count":1,"href":"https:\/\/www.egemtv.com\/index.php?rest_route=\/wp\/v2\/posts\/81149\/revisions"}],"predecessor-version":[{"id":81151,"href":"https:\/\/www.egemtv.com\/index.php?rest_route=\/wp\/v2\/posts\/81149\/revisions\/81151"}],"wp:featuredmedia":[{"embeddable":true,"href":"https:\/\/www.egemtv.com\/index.php?rest_route=\/wp\/v2\/media\/81150"}],"wp:attachment":[{"href":"https:\/\/www.egemtv.com\/index.php?rest_route=%2Fwp%2Fv2%2Fmedia&parent=81149"}],"wp:term":[{"taxonomy":"category","embeddable":true,"href":"https:\/\/www.egemtv.com\/index.php?rest_route=%2Fwp%2Fv2%2Fcategories&post=81149"},{"taxonomy":"post_tag","embeddable":true,"href":"https:\/\/www.egemtv.com\/index.php?rest_route=%2Fwp%2Fv2%2Ftags&post=81149"}],"curies":[{"name":"wp","href":"https:\/\/api.w.org\/{rel}","templated":true}]}}