{"id":81146,"date":"2026-01-16T11:35:08","date_gmt":"2026-01-16T08:35:08","guid":{"rendered":"https:\/\/www.egemtv.com\/?p=81146"},"modified":"2026-01-16T11:35:09","modified_gmt":"2026-01-16T08:35:09","slug":"nazilli-belediyesinin-otizmli-cocuklara-yonelik-spor-kurslari-basladi","status":"publish","type":"post","link":"https:\/\/www.egemtv.com\/?p=81146","title":{"rendered":"Nazilli Belediyesi\u2019nin otizmli \u00e7ocuklara y\u00f6nelik spor kurslar\u0131 ba\u015flad\u0131"},"content":{"rendered":"<p>Nazilli Belediyesi taraf\u0131ndan otizmli \u00e7ocuklar\u0131n fiziksel ve ruhsal geli\u015fimlerini desteklemek amac\u0131yla hayata ge\u00e7irilen spor kurslar\u0131 ba\u015flad\u0131.<\/p>\n<p>Alan\u0131nda uzman e\u011fitmenler e\u015fli\u011finde ger\u00e7ekle\u015ftirilen kurslarda, \u00e7ocuklar\u0131n ya\u015f ve geli\u015fim d\u00fczeylerine uygun egzersizler yapt\u0131r\u0131l\u0131yor. E\u011fitim program\u0131 kapsam\u0131nda denge, koordinasyon, kas geli\u015fimi ve hareket kabiliyetini art\u0131rmaya y\u00f6nelik \u00e7al\u0131\u015fmalar\u0131n yan\u0131 s\u0131ra, \u00e7ocuklar\u0131n \u00f6zg\u00fcven kazanmalar\u0131n\u0131 ve sosyal becerilerini geli\u015ftirmelerini hedefleyen etkinliklere de yer veriliyor. Nazilli Belediyesi K\u00fclt\u00fcr ve Sosyal \u0130\u015fler M\u00fcd\u00fcrl\u00fc\u011f\u00fc koordinasyonunda y\u00fcr\u00fct\u00fclen kurslar sayesinde \u00e7ocuklar hem bedensel olarak g\u00fc\u00e7leniyor hem de grup \u00e7al\u0131\u015fmalar\u0131yla sosyalle\u015fme imkan\u0131 buluyor.<\/p>\n<p>Sporun otizmli bireylerin ya\u015fam kalitesini art\u0131rmadaki \u00f6nemine dikkat \u00e7eken Nazilli Belediye Ba\u015fkan\u0131 Dr. Ertu\u011frul Tetik, &#8220;Burada \u00e7ocuklar\u0131m\u0131z aileleri ile birlikte e\u011fitmenlerimiz e\u015fli\u011finde spor yap\u0131yor. Sporun \u00e7ocuklar\u0131m\u0131z\u0131n hem fiziksel sa\u011fl\u0131\u011f\u0131na hem de ruhsal geli\u015fimine \u00e7ok \u00f6nemli katk\u0131lar sundu\u011funu biliyoruz. Bu do\u011frultuda, \u00f6zel ihtiya\u00e7l\u0131 bireylerimize y\u00f6nelik sosyal projelerimizi art\u0131rarak s\u00fcrd\u00fcrmeyi hedefliyoruz&#8221; s\u00f6zlerini kaydetti.<br \/><\/p>\n","protected":false},"excerpt":{"rendered":"<p>Nazilli Belediyesi taraf\u0131ndan otizmli \u00e7ocuklar\u0131n fiziksel ve ruhsal geli\u015fimlerini desteklemek amac\u0131yla hayata ge\u00e7irilen spor kurslar\u0131 ba\u015flad\u0131. Alan\u0131nda uzman e\u011fitmenler e\u015fli\u011finde ger\u00e7ekle\u015ftirilen kurslarda, \u00e7ocuklar\u0131n ya\u015f ve geli\u015fim d\u00fczeylerine uygun egzersizler yapt\u0131r\u0131l\u0131yor. E\u011fitim program\u0131 kapsam\u0131nda denge, koordinasyon, kas geli\u015fimi ve hareket kabiliyetini art\u0131rmaya y\u00f6nelik \u00e7al\u0131\u015fmalar\u0131n yan\u0131 s\u0131ra, \u00e7ocuklar\u0131n \u00f6zg\u00fcven kazanmalar\u0131n\u0131 ve sosyal becerilerini geli\u015ftirmelerini hedefleyen etkinliklere de&#8230;<\/p>\n","protected":false},"author":1,"featured_media":81147,"comment_status":"open","ping_status":"open","sticky":false,"template":"","format":"standard","meta":{"_crdt_document":"","footnotes":""},"categories":[1],"tags":[],"class_list":["post-81146","post","type-post","status-publish","format-standard","has-post-thumbnail","hentry","category-guncel"],"_links":{"self":[{"href":"https:\/\/www.egemtv.com\/index.php?rest_route=\/wp\/v2\/posts\/81146","targetHints":{"allow":["GET"]}}],"collection":[{"href":"https:\/\/www.egemtv.com\/index.php?rest_route=\/wp\/v2\/posts"}],"about":[{"href":"https:\/\/www.egemtv.com\/index.php?rest_route=\/wp\/v2\/types\/post"}],"author":[{"embeddable":true,"href":"https:\/\/www.egemtv.com\/index.php?rest_route=\/wp\/v2\/users\/1"}],"replies":[{"embeddable":true,"href":"https:\/\/www.egemtv.com\/index.php?rest_route=%2Fwp%2Fv2%2Fcomments&post=81146"}],"version-history":[{"count":1,"href":"https:\/\/www.egemtv.com\/index.php?rest_route=\/wp\/v2\/posts\/81146\/revisions"}],"predecessor-version":[{"id":81148,"href":"https:\/\/www.egemtv.com\/index.php?rest_route=\/wp\/v2\/posts\/81146\/revisions\/81148"}],"wp:featuredmedia":[{"embeddable":true,"href":"https:\/\/www.egemtv.com\/index.php?rest_route=\/wp\/v2\/media\/81147"}],"wp:attachment":[{"href":"https:\/\/www.egemtv.com\/index.php?rest_route=%2Fwp%2Fv2%2Fmedia&parent=81146"}],"wp:term":[{"taxonomy":"category","embeddable":true,"href":"https:\/\/www.egemtv.com\/index.php?rest_route=%2Fwp%2Fv2%2Fcategories&post=81146"},{"taxonomy":"post_tag","embeddable":true,"href":"https:\/\/www.egemtv.com\/index.php?rest_route=%2Fwp%2Fv2%2Ftags&post=81146"}],"curies":[{"name":"wp","href":"https:\/\/api.w.org\/{rel}","templated":true}]}}