{"id":81143,"date":"2026-01-16T11:14:51","date_gmt":"2026-01-16T08:14:51","guid":{"rendered":"https:\/\/www.egemtv.com\/?p=81143"},"modified":"2026-01-16T11:14:52","modified_gmt":"2026-01-16T08:14:52","slug":"ogrencilerinin-hazirladigi-siir-dinletisi-buyuk-begeni-topladi","status":"publish","type":"post","link":"https:\/\/www.egemtv.com\/?p=81143","title":{"rendered":"\u00d6\u011frencilerinin haz\u0131rlad\u0131\u011f\u0131 \u015fiir dinletisi b\u00fcy\u00fck be\u011feni toplad\u0131"},"content":{"rendered":"<p>Mill\u00ee E\u011fitim Bakanl\u0131\u011f\u0131n\u0131n D\u00f6nem Sonu Faaliyet Haftas\u0131 etkinlikleri \u00e7er\u00e7evesinde Afyonkarahisar Hocalar \u015eehit Kamil Tun\u00e7 \u00c7ok Programl\u0131 Anadolu Lisesi \u00f6\u011frencileri, \u2019Dizelerden G\u00f6n\u00fcllere\u2019 adl\u0131 \u015fiir dinletisi ile etkileyici bir performans sergiledi.<br \/>\n<br \/>Hocalar Halk E\u011fitim Merkezinde ger\u00e7ekle\u015ftirilen programa protokol \u00fcyeleri, \u00f6\u011frenci velileri ve \u00f6\u011fretmenler kat\u0131l\u0131m sa\u011flad\u0131. T\u00fcrk Dili ve Edebiyat\u0131 \u00d6\u011fretmeni Sinan D\u00fczg\u00fcn koordinesindeki dinletide g\u00f6rev alan \u00f6\u011frenciler taraf\u0131ndan, T\u00fcrk edebiyat\u0131nda mill\u00ee-manevi duyarl\u0131l\u0131\u011f\u0131 yans\u0131tan, memleket temine yer veren ve bireysel temalar\u0131 i\u015fleyen 12 g\u00fc\u00e7l\u00fc kalemden se\u00e7me \u015fiirler okundu. Program finalinde t\u00fcm \u00f6\u011frencilerin \u00c2\u015f\u0131k Veysel\u2019in \u2019Uzun \u0130nce Bir Yolday\u0131m\u2019 t\u00fcrk\u00fcs\u00fcn\u00fc koro h\u00e2linde s\u00f6ylemesiyle selamlama yap\u0131ld\u0131. Etkinlik sonunda Okul M\u00fcd\u00fcr\u00fc Mehmet Aksoy, organizasyonda eme\u011fi ge\u00e7en \u00f6\u011fretmen ve \u00f6\u011frencilere te\u015fekk\u00fcrlerini sunarken \u00f6\u011frencilerin sosyal etkinliklere kat\u0131l\u0131mlar\u0131n\u0131n d\u00fc\u015f\u00fcnmeyi, sorgulamay\u0131 ve empatiyi besledi\u011fini; \u015fiirin farkl\u0131 duygular\u0131 ortak bir paydada bulu\u015fturan birle\u015ftirici bir y\u00f6n\u00fc oldu\u011funu vurgulad\u0131.<br \/><\/p>\n","protected":false},"excerpt":{"rendered":"<p>Mill\u00ee E\u011fitim Bakanl\u0131\u011f\u0131n\u0131n D\u00f6nem Sonu Faaliyet Haftas\u0131 etkinlikleri \u00e7er\u00e7evesinde Afyonkarahisar Hocalar \u015eehit Kamil Tun\u00e7 \u00c7ok Programl\u0131 Anadolu Lisesi \u00f6\u011frencileri, \u2019Dizelerden G\u00f6n\u00fcllere\u2019 adl\u0131 \u015fiir dinletisi ile etkileyici bir performans sergiledi. Hocalar Halk E\u011fitim Merkezinde ger\u00e7ekle\u015ftirilen programa protokol \u00fcyeleri, \u00f6\u011frenci velileri ve \u00f6\u011fretmenler kat\u0131l\u0131m sa\u011flad\u0131. T\u00fcrk Dili ve Edebiyat\u0131 \u00d6\u011fretmeni Sinan D\u00fczg\u00fcn koordinesindeki dinletide g\u00f6rev alan \u00f6\u011frenciler&#8230;<\/p>\n","protected":false},"author":1,"featured_media":81144,"comment_status":"open","ping_status":"open","sticky":false,"template":"","format":"standard","meta":{"_crdt_document":"","footnotes":""},"categories":[1],"tags":[],"class_list":["post-81143","post","type-post","status-publish","format-standard","has-post-thumbnail","hentry","category-guncel"],"_links":{"self":[{"href":"https:\/\/www.egemtv.com\/index.php?rest_route=\/wp\/v2\/posts\/81143","targetHints":{"allow":["GET"]}}],"collection":[{"href":"https:\/\/www.egemtv.com\/index.php?rest_route=\/wp\/v2\/posts"}],"about":[{"href":"https:\/\/www.egemtv.com\/index.php?rest_route=\/wp\/v2\/types\/post"}],"author":[{"embeddable":true,"href":"https:\/\/www.egemtv.com\/index.php?rest_route=\/wp\/v2\/users\/1"}],"replies":[{"embeddable":true,"href":"https:\/\/www.egemtv.com\/index.php?rest_route=%2Fwp%2Fv2%2Fcomments&post=81143"}],"version-history":[{"count":1,"href":"https:\/\/www.egemtv.com\/index.php?rest_route=\/wp\/v2\/posts\/81143\/revisions"}],"predecessor-version":[{"id":81145,"href":"https:\/\/www.egemtv.com\/index.php?rest_route=\/wp\/v2\/posts\/81143\/revisions\/81145"}],"wp:featuredmedia":[{"embeddable":true,"href":"https:\/\/www.egemtv.com\/index.php?rest_route=\/wp\/v2\/media\/81144"}],"wp:attachment":[{"href":"https:\/\/www.egemtv.com\/index.php?rest_route=%2Fwp%2Fv2%2Fmedia&parent=81143"}],"wp:term":[{"taxonomy":"category","embeddable":true,"href":"https:\/\/www.egemtv.com\/index.php?rest_route=%2Fwp%2Fv2%2Fcategories&post=81143"},{"taxonomy":"post_tag","embeddable":true,"href":"https:\/\/www.egemtv.com\/index.php?rest_route=%2Fwp%2Fv2%2Ftags&post=81143"}],"curies":[{"name":"wp","href":"https:\/\/api.w.org\/{rel}","templated":true}]}}