{"id":81140,"date":"2026-01-16T11:14:49","date_gmt":"2026-01-16T08:14:49","guid":{"rendered":"https:\/\/www.egemtv.com\/?p=81140"},"modified":"2026-01-16T11:14:50","modified_gmt":"2026-01-16T08:14:50","slug":"sandiklida-seker-pancari-ekim-kotasina-ilave-yapildi","status":"publish","type":"post","link":"https:\/\/www.egemtv.com\/?p=81140","title":{"rendered":"Sand\u0131kl\u0131\u2019da \u015feker pancar\u0131 ekim kotas\u0131na ilave yap\u0131ld\u0131"},"content":{"rendered":"<p>Afyonkarahisar\u2019\u0131n Sand\u0131kl\u0131 il\u00e7esinde 2026 y\u0131l\u0131 \u015feker pancar\u0131 ekim kotas\u0131na 10 bin ton ilave yap\u0131ld\u0131\u011f\u0131 belirtildi.<br \/>\n<br \/>Sand\u0131kl\u0131 Ziraat Odas\u0131\u2019nda seker pancar\u0131 ekim s\u00fcreciyle ilgili toplant\u0131 yap\u0131ld\u0131. Sand\u0131kl\u0131 Ziraat Odas\u0131 Ba\u015fkan\u0131 Mustafa \u0130nci\u2019nin ba\u015fkanl\u0131\u011f\u0131nda yap\u0131ld\u0131. \u015eeker fabrikas\u0131 y\u00f6neticilerinin de kat\u0131ld\u0131\u011f\u0131 toplant\u0131da Ba\u015fkan \u0130nci\u2019nin talepleri do\u011frultusunda D\u00f6nmez, dekarda d\u00f6rt bu\u00e7uk ton alt\u0131nda \u00fcretim yapan \u00fcreticilere de 2026 ekim sezonunda ekim izni verece\u011fini, il\u00e7eye 10 bin ton ilave kota tan\u0131mlad\u0131\u011f\u0131n\u0131 belirtti.<br \/>\n<br \/>Toplant\u0131 ekim sezonu ile ilgili yap\u0131lan planlaman\u0131n ard\u0131ndan sona erdi.<br \/><\/p>\n","protected":false},"excerpt":{"rendered":"<p>Afyonkarahisar\u2019\u0131n Sand\u0131kl\u0131 il\u00e7esinde 2026 y\u0131l\u0131 \u015feker pancar\u0131 ekim kotas\u0131na 10 bin ton ilave yap\u0131ld\u0131\u011f\u0131 belirtildi. Sand\u0131kl\u0131 Ziraat Odas\u0131\u2019nda seker pancar\u0131 ekim s\u00fcreciyle ilgili toplant\u0131 yap\u0131ld\u0131. Sand\u0131kl\u0131 Ziraat Odas\u0131 Ba\u015fkan\u0131 Mustafa \u0130nci\u2019nin ba\u015fkanl\u0131\u011f\u0131nda yap\u0131ld\u0131. \u015eeker fabrikas\u0131 y\u00f6neticilerinin de kat\u0131ld\u0131\u011f\u0131 toplant\u0131da Ba\u015fkan \u0130nci\u2019nin talepleri do\u011frultusunda D\u00f6nmez, dekarda d\u00f6rt bu\u00e7uk ton alt\u0131nda \u00fcretim yapan \u00fcreticilere de 2026 ekim&#8230;<\/p>\n","protected":false},"author":1,"featured_media":81141,"comment_status":"open","ping_status":"open","sticky":false,"template":"","format":"standard","meta":{"_crdt_document":"","footnotes":""},"categories":[1],"tags":[],"class_list":["post-81140","post","type-post","status-publish","format-standard","has-post-thumbnail","hentry","category-guncel"],"_links":{"self":[{"href":"https:\/\/www.egemtv.com\/index.php?rest_route=\/wp\/v2\/posts\/81140","targetHints":{"allow":["GET"]}}],"collection":[{"href":"https:\/\/www.egemtv.com\/index.php?rest_route=\/wp\/v2\/posts"}],"about":[{"href":"https:\/\/www.egemtv.com\/index.php?rest_route=\/wp\/v2\/types\/post"}],"author":[{"embeddable":true,"href":"https:\/\/www.egemtv.com\/index.php?rest_route=\/wp\/v2\/users\/1"}],"replies":[{"embeddable":true,"href":"https:\/\/www.egemtv.com\/index.php?rest_route=%2Fwp%2Fv2%2Fcomments&post=81140"}],"version-history":[{"count":1,"href":"https:\/\/www.egemtv.com\/index.php?rest_route=\/wp\/v2\/posts\/81140\/revisions"}],"predecessor-version":[{"id":81142,"href":"https:\/\/www.egemtv.com\/index.php?rest_route=\/wp\/v2\/posts\/81140\/revisions\/81142"}],"wp:featuredmedia":[{"embeddable":true,"href":"https:\/\/www.egemtv.com\/index.php?rest_route=\/wp\/v2\/media\/81141"}],"wp:attachment":[{"href":"https:\/\/www.egemtv.com\/index.php?rest_route=%2Fwp%2Fv2%2Fmedia&parent=81140"}],"wp:term":[{"taxonomy":"category","embeddable":true,"href":"https:\/\/www.egemtv.com\/index.php?rest_route=%2Fwp%2Fv2%2Fcategories&post=81140"},{"taxonomy":"post_tag","embeddable":true,"href":"https:\/\/www.egemtv.com\/index.php?rest_route=%2Fwp%2Fv2%2Ftags&post=81140"}],"curies":[{"name":"wp","href":"https:\/\/api.w.org\/{rel}","templated":true}]}}