{"id":81137,"date":"2026-01-16T11:14:48","date_gmt":"2026-01-16T08:14:48","guid":{"rendered":"https:\/\/www.egemtv.com\/?p=81137"},"modified":"2026-01-16T11:14:49","modified_gmt":"2026-01-16T08:14:49","slug":"buzlanan-yolda-can-pazari","status":"publish","type":"post","link":"https:\/\/www.egemtv.com\/?p=81137","title":{"rendered":"Buzlanan yolda can pazar\u0131"},"content":{"rendered":"<p>Ayd\u0131n-Denizli Karayolu\u2019nda buzlanma sebebiyle i\u015f\u00e7ileri ta\u015f\u0131yan minib\u00fcs\u00fcn devrilmesiyle adeta can pazar\u0131 ya\u015fan\u0131rken, yol kenar\u0131na savrulan i\u015f\u00e7ilere ilk m\u00fcdahaleleri olay yerinde yap\u0131ld\u0131.<\/p>\n<p>Ayd\u0131n-Denizli Karayolu Yenipazar Kav\u015fa\u011f\u0131\u2019nda sabah saatlerinde meydana gelen trafik kazas\u0131nda, buzlanma nedeniyle kontrolden \u00e7\u0131kan servis minib\u00fcs\u00fc devrildi. Kazada 16 ki\u015fi yaralan\u0131rken, olay yerinde korku dolu anlar ya\u015fand\u0131. Edinilen bilgiye g\u00f6re, Ayd\u0131n istikametine seyir halinde olan S.Y. y\u00f6netimindeki 09 P 1762 plakal\u0131 servis minib\u00fcs\u00fc, buzlanma sebebiyle kayganla\u015fan yolda s\u00fcr\u00fcc\u00fcs\u00fcn\u00fcn direksiyon hakimiyetini kaybetmesi sonucu yol kenar\u0131na savrularak yan yatt\u0131. Minib\u00fcs i\u00e7erisinde bulunan yolcular, kazan\u0131n ard\u0131ndan panik ya\u015fad\u0131.<br \/>\n<br \/>Kazay\u0131 g\u00f6ren di\u011fer s\u00fcr\u00fcc\u00fclerin ihbar\u0131 \u00fczerine b\u00f6lgeye \u00e7ok say\u0131da jandarma, itfaiye ve sa\u011fl\u0131k ekibi sevk edildi. Baz\u0131 yaral\u0131 i\u015f\u00e7iler, \u015fok nedeniyle uzun s\u00fcre yol kenar\u0131nda beklerken, sa\u011fl\u0131k ekipleri yaralara ilk m\u00fcdahaleyi olay yerinde yapt\u0131. Yaral\u0131lar, ambulanslarla \u00e7evredeki hastanelere kald\u0131r\u0131larak tedavi alt\u0131na al\u0131nd\u0131. Jandarma ekipleri kaza yerinde geni\u015f g\u00fcvenlik \u00f6nlemleri al\u0131rken, trafik bir s\u00fcre kontroll\u00fc olarak sa\u011fland\u0131. Devrilen minib\u00fcs, yap\u0131lan \u00e7al\u0131\u015fmalar\u0131n ard\u0131ndan bulundu\u011fu yerden kald\u0131r\u0131l\u0131rken, kazayla ilgili inceleme s\u00fcr\u00fcyor.<br \/><\/p>\n","protected":false},"excerpt":{"rendered":"<p>Ayd\u0131n-Denizli Karayolu\u2019nda buzlanma sebebiyle i\u015f\u00e7ileri ta\u015f\u0131yan minib\u00fcs\u00fcn devrilmesiyle adeta can pazar\u0131 ya\u015fan\u0131rken, yol kenar\u0131na savrulan i\u015f\u00e7ilere ilk m\u00fcdahaleleri olay yerinde yap\u0131ld\u0131. Ayd\u0131n-Denizli Karayolu Yenipazar Kav\u015fa\u011f\u0131\u2019nda sabah saatlerinde meydana gelen trafik kazas\u0131nda, buzlanma nedeniyle kontrolden \u00e7\u0131kan servis minib\u00fcs\u00fc devrildi. Kazada 16 ki\u015fi yaralan\u0131rken, olay yerinde korku dolu anlar ya\u015fand\u0131. Edinilen bilgiye g\u00f6re, Ayd\u0131n istikametine seyir halinde&#8230;<\/p>\n","protected":false},"author":1,"featured_media":81138,"comment_status":"open","ping_status":"open","sticky":false,"template":"","format":"standard","meta":{"_crdt_document":"","footnotes":""},"categories":[5],"tags":[],"class_list":["post-81137","post","type-post","status-publish","format-standard","has-post-thumbnail","hentry","category-asayis"],"_links":{"self":[{"href":"https:\/\/www.egemtv.com\/index.php?rest_route=\/wp\/v2\/posts\/81137","targetHints":{"allow":["GET"]}}],"collection":[{"href":"https:\/\/www.egemtv.com\/index.php?rest_route=\/wp\/v2\/posts"}],"about":[{"href":"https:\/\/www.egemtv.com\/index.php?rest_route=\/wp\/v2\/types\/post"}],"author":[{"embeddable":true,"href":"https:\/\/www.egemtv.com\/index.php?rest_route=\/wp\/v2\/users\/1"}],"replies":[{"embeddable":true,"href":"https:\/\/www.egemtv.com\/index.php?rest_route=%2Fwp%2Fv2%2Fcomments&post=81137"}],"version-history":[{"count":1,"href":"https:\/\/www.egemtv.com\/index.php?rest_route=\/wp\/v2\/posts\/81137\/revisions"}],"predecessor-version":[{"id":81139,"href":"https:\/\/www.egemtv.com\/index.php?rest_route=\/wp\/v2\/posts\/81137\/revisions\/81139"}],"wp:featuredmedia":[{"embeddable":true,"href":"https:\/\/www.egemtv.com\/index.php?rest_route=\/wp\/v2\/media\/81138"}],"wp:attachment":[{"href":"https:\/\/www.egemtv.com\/index.php?rest_route=%2Fwp%2Fv2%2Fmedia&parent=81137"}],"wp:term":[{"taxonomy":"category","embeddable":true,"href":"https:\/\/www.egemtv.com\/index.php?rest_route=%2Fwp%2Fv2%2Fcategories&post=81137"},{"taxonomy":"post_tag","embeddable":true,"href":"https:\/\/www.egemtv.com\/index.php?rest_route=%2Fwp%2Fv2%2Ftags&post=81137"}],"curies":[{"name":"wp","href":"https:\/\/api.w.org\/{rel}","templated":true}]}}