{"id":81134,"date":"2026-01-16T11:14:47","date_gmt":"2026-01-16T08:14:47","guid":{"rendered":"https:\/\/www.egemtv.com\/?p=81134"},"modified":"2026-01-16T11:14:48","modified_gmt":"2026-01-16T08:14:48","slug":"mentese-anadolu-lisesi-masa-tenisinde-ucuncu-defa-il-sampiyonu","status":"publish","type":"post","link":"https:\/\/www.egemtv.com\/?p=81134","title":{"rendered":"Mente\u015fe Anadolu Lisesi, masa tenisinde \u00fc\u00e7\u00fcnc\u00fc defa il \u015fampiyonu"},"content":{"rendered":"<p>Mente\u015fe Anadolu Lisesi Masa Tenisi tak\u0131m\u0131 \u00fcst \u00fcste 3\u2019\u00fcnc\u00fc il \u015fampiyonlu\u011funu elde etti. 18 okulun kat\u0131ld\u0131\u011f\u0131 Okul Sporlar\u0131 Masa Tenisi \u0130l Birincili\u011fi m\u00fcsabakalar\u0131nda \u00fcst \u00fcste 3\u2019\u00fcnc\u00fc kez \u0130l \u015fampiyonlu\u011funu elde eden Mente\u015fe Anadolu Lisesi masa tenisi tak\u0131m\u0131n\u0131n ba\u015far\u0131s\u0131  okulda b\u00fcy\u00fck co\u015fku ya\u015fatt\u0131.<br \/>\n<br \/>Mente\u015fe Gen\u00e7lik Merkezi spor salonunda \u00fc\u00e7 g\u00fcn devam eden m\u00fcsabakalar b\u00fcy\u00fck \u00e7eki\u015fmeye sahne oldu. Mente\u015fe Anadolu Lisesi \u015eubat ay\u0131nda Afyon\u2019da yap\u0131lacak b\u00f6lge grup \u015fampiyonas\u0131nda m\u00fccadele edecek.<br \/>\n<br \/>Beden e\u011fitimi \u00d6\u011fretmeni \u00dcmit \u00c7olako\u011flu taraf\u0131ndan ma\u00e7lara haz\u0131rlanan, Metehan Zabir, Ali Eren Ulu Sakarya, Ufuk Deniz, Yi\u011fit Yeniayd\u0131n\u2019dan olu\u015fan masa tenisi tak\u0131m\u0131, 18 tak\u0131m aras\u0131ndan il \u015fampiyonu olman\u0131n sevincini \u00f6\u011fretmenleri ve kendilerini destekleyen arkada\u015flar\u0131yla ya\u015fad\u0131lar.<br \/>\n<br \/>Mente\u015fe Anadolu Lisesi Beden E\u011fitimi \u00d6\u011fretmeni \u00dcmit \u00c7olako\u011flu, &#8220;Zor ma\u00e7lar oynad\u0131k. \u0130lk etapta hedefimize ula\u015ft\u0131k. Grup ma\u00e7lar\u0131nda da ilimizi en iyi \u015fekilde temsil edip T\u00fcrkiye \u015fampiyonas\u0131na kat\u0131lmak istiyoruz&#8221; dedi.<br \/>\n<br \/>Mente\u015fe Anadolu Lisesi Okul M\u00fcd\u00fcr\u00fc Mehmet Akif A\u011f\u0131r, il \u015fampiyonu olan sporcular\u0131 tebrik ederek, &#8220;Okul olarak e\u011fitimde oldu\u011fu kadar sosyal aktivitelerde de \u00f6n s\u0131ralarda yer almak i\u00e7in \u00f6\u011frencilerimize her zaman destek\u00e7isi olmaya devam edece\u011fiz. Okulumuzu ba\u015far\u0131yla temsil ederek ard arda 3. Kez il \u015fampiyonu olan sporcular\u0131m\u0131z\u0131 y\u00fcrekten kutluyorum&#8221; dedi.<br \/><\/p>\n","protected":false},"excerpt":{"rendered":"<p>Mente\u015fe Anadolu Lisesi Masa Tenisi tak\u0131m\u0131 \u00fcst \u00fcste 3\u2019\u00fcnc\u00fc il \u015fampiyonlu\u011funu elde etti. 18 okulun kat\u0131ld\u0131\u011f\u0131 Okul Sporlar\u0131 Masa Tenisi \u0130l Birincili\u011fi m\u00fcsabakalar\u0131nda \u00fcst \u00fcste 3\u2019\u00fcnc\u00fc kez \u0130l \u015fampiyonlu\u011funu elde eden Mente\u015fe Anadolu Lisesi masa tenisi tak\u0131m\u0131n\u0131n ba\u015far\u0131s\u0131 okulda b\u00fcy\u00fck co\u015fku ya\u015fatt\u0131. Mente\u015fe Gen\u00e7lik Merkezi spor salonunda \u00fc\u00e7 g\u00fcn devam eden m\u00fcsabakalar b\u00fcy\u00fck \u00e7eki\u015fmeye sahne&#8230;<\/p>\n","protected":false},"author":1,"featured_media":81135,"comment_status":"open","ping_status":"open","sticky":false,"template":"","format":"standard","meta":{"_crdt_document":"","footnotes":""},"categories":[4],"tags":[],"class_list":["post-81134","post","type-post","status-publish","format-standard","has-post-thumbnail","hentry","category-spor"],"_links":{"self":[{"href":"https:\/\/www.egemtv.com\/index.php?rest_route=\/wp\/v2\/posts\/81134","targetHints":{"allow":["GET"]}}],"collection":[{"href":"https:\/\/www.egemtv.com\/index.php?rest_route=\/wp\/v2\/posts"}],"about":[{"href":"https:\/\/www.egemtv.com\/index.php?rest_route=\/wp\/v2\/types\/post"}],"author":[{"embeddable":true,"href":"https:\/\/www.egemtv.com\/index.php?rest_route=\/wp\/v2\/users\/1"}],"replies":[{"embeddable":true,"href":"https:\/\/www.egemtv.com\/index.php?rest_route=%2Fwp%2Fv2%2Fcomments&post=81134"}],"version-history":[{"count":1,"href":"https:\/\/www.egemtv.com\/index.php?rest_route=\/wp\/v2\/posts\/81134\/revisions"}],"predecessor-version":[{"id":81136,"href":"https:\/\/www.egemtv.com\/index.php?rest_route=\/wp\/v2\/posts\/81134\/revisions\/81136"}],"wp:featuredmedia":[{"embeddable":true,"href":"https:\/\/www.egemtv.com\/index.php?rest_route=\/wp\/v2\/media\/81135"}],"wp:attachment":[{"href":"https:\/\/www.egemtv.com\/index.php?rest_route=%2Fwp%2Fv2%2Fmedia&parent=81134"}],"wp:term":[{"taxonomy":"category","embeddable":true,"href":"https:\/\/www.egemtv.com\/index.php?rest_route=%2Fwp%2Fv2%2Fcategories&post=81134"},{"taxonomy":"post_tag","embeddable":true,"href":"https:\/\/www.egemtv.com\/index.php?rest_route=%2Fwp%2Fv2%2Ftags&post=81134"}],"curies":[{"name":"wp","href":"https:\/\/api.w.org\/{rel}","templated":true}]}}