{"id":81131,"date":"2026-01-16T10:54:44","date_gmt":"2026-01-16T07:54:44","guid":{"rendered":"https:\/\/www.egemtv.com\/?p=81131"},"modified":"2026-01-16T10:54:46","modified_gmt":"2026-01-16T07:54:46","slug":"sosyal-medya-hesabindan-silah-paylasami-yapan-6-kisi-gozalti-alindi","status":"publish","type":"post","link":"https:\/\/www.egemtv.com\/?p=81131","title":{"rendered":"Sosyal medya hesab\u0131ndan silah payla\u015fam\u0131 yapan 6 ki\u015fi g\u00f6zalt\u0131 al\u0131nd\u0131"},"content":{"rendered":"<p>U\u015fak\u2019ta sosyal medya hesaplar\u0131ndan silah payla\u015f\u0131mlar\u0131 yapan \u015fahs\u0131n 2 adresine d\u00fczenlenen e\u015fzamanl\u0131 operasyonda, 2 adet ruhsats\u0131z tabanca, 2 adet kurus\u0131k\u0131 tabanca, 2 adet av t\u00fcfe\u011fi, 263 adet farkl\u0131 \u00e7aplarda fi\u015fek ele ge\u00e7irildi.<br \/>\n<br \/>U\u015fak Emniyet M\u00fcd\u00fcrl\u00fc\u011f\u00fcne ba\u011fl\u0131 Ka\u00e7ak\u00e7\u0131l\u0131k ve Organize Su\u00e7larla M\u00fccadele (KOM) \u015eube M\u00fcd\u00fcrl\u00fc\u011f\u00fc ekipleri kent merkezinde sosyal medya hesaplar\u0131 \u00fczerinden silah payla\u015f\u0131mlar\u0131 yapan \u015fahs\u0131n kimli\u011fini ve adresini tespit etti. \u015f\u00fcpheli \u015fahs\u0131n 2 ayr\u0131 ikametine e\u015fzamanl\u0131 operasyon d\u00fczenledi. Operasyon kapsam\u0131nda 2 adet ruhsats\u0131z tabanca, 2 adet kurus\u0131k\u0131 tabanca, 2 adet av t\u00fcfe\u011fi, 4 adet \u015farj\u00f6r, 263 adet \u00e7e\u015fitli \u00e7aplarda tabanca fi\u015fe\u011fi ele ge\u00e7irildi. Operasyon kapsam\u0131nda g\u00f6zalt\u0131na al\u0131nan 6 \u015f\u00fcpheli emniyetteki i\u015flemlerinin ard\u0131ndan adliyeye sevk edildi. \u015e\u00fcphelilerden 3\u2019\u00fc tutuklan\u0131rken, 3\u2019\u00fc adli kontrol \u015fart\u0131yla serbest b\u0131rak\u0131ld\u0131.<br \/><\/p>\n","protected":false},"excerpt":{"rendered":"<p>U\u015fak\u2019ta sosyal medya hesaplar\u0131ndan silah payla\u015f\u0131mlar\u0131 yapan \u015fahs\u0131n 2 adresine d\u00fczenlenen e\u015fzamanl\u0131 operasyonda, 2 adet ruhsats\u0131z tabanca, 2 adet kurus\u0131k\u0131 tabanca, 2 adet av t\u00fcfe\u011fi, 263 adet farkl\u0131 \u00e7aplarda fi\u015fek ele ge\u00e7irildi. U\u015fak Emniyet M\u00fcd\u00fcrl\u00fc\u011f\u00fcne ba\u011fl\u0131 Ka\u00e7ak\u00e7\u0131l\u0131k ve Organize Su\u00e7larla M\u00fccadele (KOM) \u015eube M\u00fcd\u00fcrl\u00fc\u011f\u00fc ekipleri kent merkezinde sosyal medya hesaplar\u0131 \u00fczerinden silah payla\u015f\u0131mlar\u0131 yapan \u015fahs\u0131n&#8230;<\/p>\n","protected":false},"author":1,"featured_media":81132,"comment_status":"open","ping_status":"open","sticky":false,"template":"","format":"standard","meta":{"_crdt_document":"","footnotes":""},"categories":[5],"tags":[],"class_list":["post-81131","post","type-post","status-publish","format-standard","has-post-thumbnail","hentry","category-asayis"],"_links":{"self":[{"href":"https:\/\/www.egemtv.com\/index.php?rest_route=\/wp\/v2\/posts\/81131","targetHints":{"allow":["GET"]}}],"collection":[{"href":"https:\/\/www.egemtv.com\/index.php?rest_route=\/wp\/v2\/posts"}],"about":[{"href":"https:\/\/www.egemtv.com\/index.php?rest_route=\/wp\/v2\/types\/post"}],"author":[{"embeddable":true,"href":"https:\/\/www.egemtv.com\/index.php?rest_route=\/wp\/v2\/users\/1"}],"replies":[{"embeddable":true,"href":"https:\/\/www.egemtv.com\/index.php?rest_route=%2Fwp%2Fv2%2Fcomments&post=81131"}],"version-history":[{"count":1,"href":"https:\/\/www.egemtv.com\/index.php?rest_route=\/wp\/v2\/posts\/81131\/revisions"}],"predecessor-version":[{"id":81133,"href":"https:\/\/www.egemtv.com\/index.php?rest_route=\/wp\/v2\/posts\/81131\/revisions\/81133"}],"wp:featuredmedia":[{"embeddable":true,"href":"https:\/\/www.egemtv.com\/index.php?rest_route=\/wp\/v2\/media\/81132"}],"wp:attachment":[{"href":"https:\/\/www.egemtv.com\/index.php?rest_route=%2Fwp%2Fv2%2Fmedia&parent=81131"}],"wp:term":[{"taxonomy":"category","embeddable":true,"href":"https:\/\/www.egemtv.com\/index.php?rest_route=%2Fwp%2Fv2%2Fcategories&post=81131"},{"taxonomy":"post_tag","embeddable":true,"href":"https:\/\/www.egemtv.com\/index.php?rest_route=%2Fwp%2Fv2%2Ftags&post=81131"}],"curies":[{"name":"wp","href":"https:\/\/api.w.org\/{rel}","templated":true}]}}