{"id":81128,"date":"2026-01-16T10:54:43","date_gmt":"2026-01-16T07:54:43","guid":{"rendered":"https:\/\/www.egemtv.com\/?p=81128"},"modified":"2026-01-16T10:54:44","modified_gmt":"2026-01-16T07:54:44","slug":"baskan-dere-civril-belediyesinin-2024-2025-mali-tablosunu-acikladi","status":"publish","type":"post","link":"https:\/\/www.egemtv.com\/?p=81128","title":{"rendered":"Ba\u015fkan Dere, \u00c7ivril Belediyesi\u2019nin 2024-2025 mali tablosunu a\u00e7\u0131klad\u0131"},"content":{"rendered":"<p>\u00c7ivril Belediye Ba\u015fkan\u0131 Semih Dere, belediyeyi 116 milyon TL bor\u00e7la devrald\u0131klar\u0131n\u0131, bunun 98 milyon TL\u2019sinin \u00f6dendi\u011fini ve kalan borcun 17,5 milyon TL\u2019ye d\u00fc\u015f\u00fcr\u00fcld\u00fc\u011f\u00fcn\u00fc a\u00e7\u0131klad\u0131. Ayr\u0131ca kullan\u0131lan 48 milyon TL\u2019lik kredinin personel haklar\u0131 ve hizmet ara\u00e7lar\u0131 i\u00e7in harcand\u0131\u011f\u0131n\u0131 belirtti.<br \/>\n<br \/>\u00c7ivril Belediye Ba\u015fkan\u0131 Semih Dere, 2024-2025 y\u0131llar\u0131na ait \u00c7ivril Belediyesi mali raporlar\u0131n\u0131 kamuoyu ile payla\u015ft\u0131. G\u00f6reve geldiklerinde belediyeyi 116 milyon 245 bin TL bor\u00e7la devrald\u0131klar\u0131n\u0131 belirten Ba\u015fkan Dere, bu borcun 98 milyon 745 bin TL\u2019sinin \u00f6dendi\u011fini, geriye ise 17 milyon 500 bin TL bor\u00e7 kald\u0131\u011f\u0131n\u0131 a\u00e7\u0131klad\u0131.<br \/>\n<br \/>Ba\u015fkan Dere, 2024-2025 d\u00f6neminde belediye taraf\u0131ndan toplam 48 milyon TL kredi kullan\u0131ld\u0131\u011f\u0131n\u0131 ifade ederek, bu bor\u00e7lanman\u0131n detaylar\u0131n\u0131 da payla\u015ft\u0131. Kullan\u0131lan kredinin y\u00fczde 58,33\u2019l\u00fck k\u0131sm\u0131n\u0131n (28 milyon TL) personel haklar\u0131n\u0131 korumak amac\u0131yla k\u0131dem tazminatlar\u0131 ve i\u015f\u00e7i alacaklar\u0131n\u0131n \u00f6denmesinde kullan\u0131ld\u0131\u011f\u0131n\u0131 belirtti. Kalan y\u00fczde 41,67\u2019lik b\u00f6l\u00fcm\u00fcn ise (20 milyon TL) belediyenin hizmet kapasitesini art\u0131rmak amac\u0131yla al\u0131nan 15 adet hizmet arac\u0131n\u0131n finansman\u0131nda de\u011ferlendirildi\u011fini s\u00f6yledi.<br \/>\n<br \/>Belediyenin kurumsal yap\u0131s\u0131n\u0131 g\u00fc\u00e7lendirmeye y\u00f6nelik \u00f6nemli ad\u0131mlar att\u0131klar\u0131n\u0131 vurgulayan Ba\u015fkan Dere, meclis karar\u0131yla 2024 y\u0131l\u0131nda 1, 2025 y\u0131l\u0131nda ise 20 olmak \u00fczere toplam 21 y\u00f6netmeli\u011fin hayata ge\u00e7irildi\u011fini a\u00e7\u0131klad\u0131.<br \/>\n<br \/>Personel geli\u015fimine de b\u00fcy\u00fck \u00f6nem verdiklerini ifade eden Ba\u015fkan Dere, son iki y\u0131l i\u00e7erisinde belediye personeline y\u00f6nelik toplam 16 ayr\u0131 i\u015f\u00e7i e\u011fitimi d\u00fczenlendi\u011fini belirterek, daha g\u00fc\u00e7l\u00fc, daha \u015feffaf ve s\u00fcrd\u00fcr\u00fclebilir bir belediyecilik anlay\u0131\u015f\u0131yla \u00e7al\u0131\u015fmalar\u0131n\u0131 s\u00fcrd\u00fcrd\u00fcklerini kaydetti.<br \/><\/p>\n","protected":false},"excerpt":{"rendered":"<p>\u00c7ivril Belediye Ba\u015fkan\u0131 Semih Dere, belediyeyi 116 milyon TL bor\u00e7la devrald\u0131klar\u0131n\u0131, bunun 98 milyon TL\u2019sinin \u00f6dendi\u011fini ve kalan borcun 17,5 milyon TL\u2019ye d\u00fc\u015f\u00fcr\u00fcld\u00fc\u011f\u00fcn\u00fc a\u00e7\u0131klad\u0131. Ayr\u0131ca kullan\u0131lan 48 milyon TL\u2019lik kredinin personel haklar\u0131 ve hizmet ara\u00e7lar\u0131 i\u00e7in harcand\u0131\u011f\u0131n\u0131 belirtti. \u00c7ivril Belediye Ba\u015fkan\u0131 Semih Dere, 2024-2025 y\u0131llar\u0131na ait \u00c7ivril Belediyesi mali raporlar\u0131n\u0131 kamuoyu ile payla\u015ft\u0131. G\u00f6reve geldiklerinde&#8230;<\/p>\n","protected":false},"author":1,"featured_media":81129,"comment_status":"open","ping_status":"open","sticky":false,"template":"","format":"standard","meta":{"_crdt_document":"","footnotes":""},"categories":[127],"tags":[],"class_list":["post-81128","post","type-post","status-publish","format-standard","has-post-thumbnail","hentry","category-siyaset"],"_links":{"self":[{"href":"https:\/\/www.egemtv.com\/index.php?rest_route=\/wp\/v2\/posts\/81128","targetHints":{"allow":["GET"]}}],"collection":[{"href":"https:\/\/www.egemtv.com\/index.php?rest_route=\/wp\/v2\/posts"}],"about":[{"href":"https:\/\/www.egemtv.com\/index.php?rest_route=\/wp\/v2\/types\/post"}],"author":[{"embeddable":true,"href":"https:\/\/www.egemtv.com\/index.php?rest_route=\/wp\/v2\/users\/1"}],"replies":[{"embeddable":true,"href":"https:\/\/www.egemtv.com\/index.php?rest_route=%2Fwp%2Fv2%2Fcomments&post=81128"}],"version-history":[{"count":1,"href":"https:\/\/www.egemtv.com\/index.php?rest_route=\/wp\/v2\/posts\/81128\/revisions"}],"predecessor-version":[{"id":81130,"href":"https:\/\/www.egemtv.com\/index.php?rest_route=\/wp\/v2\/posts\/81128\/revisions\/81130"}],"wp:featuredmedia":[{"embeddable":true,"href":"https:\/\/www.egemtv.com\/index.php?rest_route=\/wp\/v2\/media\/81129"}],"wp:attachment":[{"href":"https:\/\/www.egemtv.com\/index.php?rest_route=%2Fwp%2Fv2%2Fmedia&parent=81128"}],"wp:term":[{"taxonomy":"category","embeddable":true,"href":"https:\/\/www.egemtv.com\/index.php?rest_route=%2Fwp%2Fv2%2Fcategories&post=81128"},{"taxonomy":"post_tag","embeddable":true,"href":"https:\/\/www.egemtv.com\/index.php?rest_route=%2Fwp%2Fv2%2Ftags&post=81128"}],"curies":[{"name":"wp","href":"https:\/\/api.w.org\/{rel}","templated":true}]}}