{"id":81104,"date":"2026-01-16T09:35:03","date_gmt":"2026-01-16T06:35:03","guid":{"rendered":"https:\/\/www.egemtv.com\/?p=81104"},"modified":"2026-01-16T09:35:04","modified_gmt":"2026-01-16T06:35:04","slug":"aydin-buyuksehirden-dogu-cevre-bulvarina-sicak-asfalt-dokunusu","status":"publish","type":"post","link":"https:\/\/www.egemtv.com\/?p=81104","title":{"rendered":"Ayd\u0131n B\u00fcy\u00fck\u015fehir\u2019den Do\u011fu \u00c7evre Bulvar\u0131\u2019na s\u0131cak asfalt dokunu\u015fu"},"content":{"rendered":"<p>Ayd\u0131n B\u00fcy\u00fck\u015fehir Belediyesi, Efeler il\u00e7esinde yer alan Do\u011fu \u00c7evre Bulvar\u0131\u2019nda s\u0131cak asfalt serim \u00e7al\u0131\u015fmalar\u0131n\u0131 s\u00fcrd\u00fcr\u00fcyor. Yol \u00e7izgi ve logo \u00e7al\u0131\u015fmalar\u0131n\u0131n ard\u0131ndan bulvar, daha konforlu ve g\u00fcvenli haliyle vatanda\u015flar\u0131n hizmetine sunulacak.<br \/>\n<br \/>Ayd\u0131n B\u00fcy\u00fck\u015fehir Belediyesi, kent genelinde e\u015f zamanl\u0131 olarak s\u00fcrd\u00fcr\u00fclen yol yap\u0131m ve yenileme \u00e7al\u0131\u015fmalar\u0131na devam ediyor. Fen \u0130\u015fleri Dairesi Ba\u015fkanl\u0131\u011f\u0131 Yol Yap\u0131m ve Bak\u0131m \u015eube M\u00fcd\u00fcrl\u00fc\u011f\u00fc ekipleri, Efeler il\u00e7esinde bulunan Do\u011fu \u00c7evre Bulvar\u0131\u2019nda s\u0131cak asfalt serim \u00e7al\u0131\u015fmalar\u0131na devam ediyor. Asfalt seriminin ard\u0131ndan yol \u00e7izgisi ve logo \u00e7al\u0131\u015fmalar\u0131 da yap\u0131lacak olan bulvar, daha konforlu ve g\u00fcvenli haliyle il\u00e7e halk\u0131n\u0131n kullan\u0131m\u0131na sunulacak. Kent genelinde yol yap\u0131m ve yenileme \u00e7al\u0131\u015fmalar\u0131n\u0131n devam edece\u011fini belirten Ayd\u0131n B\u00fcy\u00fck\u015fehir Belediye Ba\u015fkan\u0131 \u00d6zlem \u00c7er\u00e7io\u011flu, &#8220;Ayd\u0131n\u0131m\u0131z\u0131n t\u00fcm il\u00e7elerinde yol yap\u0131m ve yenileme \u00e7al\u0131\u015fmalar\u0131m\u0131z\u0131 s\u00fcrd\u00fcr\u00fcyoruz. Projelerimizi ve yat\u0131r\u0131mlar\u0131m\u0131z\u0131 hayata ge\u00e7iriyor, hem\u015fehrilerimizi hizmetlerimiz ile bulu\u015fturuyoruz. \u00c7al\u0131\u015fmalar\u0131m\u0131za devam edece\u011fiz&#8221; ifadelerini kulland\u0131. B\u00f6lgede ya\u015fayan vatanda\u015flar, \u00e7al\u0131\u015fmalardan memnuniyet duyduklar\u0131n\u0131 belirterek Ba\u015fkan \u00c7er\u00e7io\u011flu\u2019na te\u015fekk\u00fcr etti.<br \/><\/p>\n","protected":false},"excerpt":{"rendered":"<p>Ayd\u0131n B\u00fcy\u00fck\u015fehir Belediyesi, Efeler il\u00e7esinde yer alan Do\u011fu \u00c7evre Bulvar\u0131\u2019nda s\u0131cak asfalt serim \u00e7al\u0131\u015fmalar\u0131n\u0131 s\u00fcrd\u00fcr\u00fcyor. Yol \u00e7izgi ve logo \u00e7al\u0131\u015fmalar\u0131n\u0131n ard\u0131ndan bulvar, daha konforlu ve g\u00fcvenli haliyle vatanda\u015flar\u0131n hizmetine sunulacak. Ayd\u0131n B\u00fcy\u00fck\u015fehir Belediyesi, kent genelinde e\u015f zamanl\u0131 olarak s\u00fcrd\u00fcr\u00fclen yol yap\u0131m ve yenileme \u00e7al\u0131\u015fmalar\u0131na devam ediyor. Fen \u0130\u015fleri Dairesi Ba\u015fkanl\u0131\u011f\u0131 Yol Yap\u0131m ve Bak\u0131m \u015eube&#8230;<\/p>\n","protected":false},"author":1,"featured_media":81105,"comment_status":"open","ping_status":"open","sticky":false,"template":"","format":"standard","meta":{"_crdt_document":"","footnotes":""},"categories":[1],"tags":[],"class_list":["post-81104","post","type-post","status-publish","format-standard","has-post-thumbnail","hentry","category-guncel"],"_links":{"self":[{"href":"https:\/\/www.egemtv.com\/index.php?rest_route=\/wp\/v2\/posts\/81104","targetHints":{"allow":["GET"]}}],"collection":[{"href":"https:\/\/www.egemtv.com\/index.php?rest_route=\/wp\/v2\/posts"}],"about":[{"href":"https:\/\/www.egemtv.com\/index.php?rest_route=\/wp\/v2\/types\/post"}],"author":[{"embeddable":true,"href":"https:\/\/www.egemtv.com\/index.php?rest_route=\/wp\/v2\/users\/1"}],"replies":[{"embeddable":true,"href":"https:\/\/www.egemtv.com\/index.php?rest_route=%2Fwp%2Fv2%2Fcomments&post=81104"}],"version-history":[{"count":1,"href":"https:\/\/www.egemtv.com\/index.php?rest_route=\/wp\/v2\/posts\/81104\/revisions"}],"predecessor-version":[{"id":81106,"href":"https:\/\/www.egemtv.com\/index.php?rest_route=\/wp\/v2\/posts\/81104\/revisions\/81106"}],"wp:featuredmedia":[{"embeddable":true,"href":"https:\/\/www.egemtv.com\/index.php?rest_route=\/wp\/v2\/media\/81105"}],"wp:attachment":[{"href":"https:\/\/www.egemtv.com\/index.php?rest_route=%2Fwp%2Fv2%2Fmedia&parent=81104"}],"wp:term":[{"taxonomy":"category","embeddable":true,"href":"https:\/\/www.egemtv.com\/index.php?rest_route=%2Fwp%2Fv2%2Fcategories&post=81104"},{"taxonomy":"post_tag","embeddable":true,"href":"https:\/\/www.egemtv.com\/index.php?rest_route=%2Fwp%2Fv2%2Ftags&post=81104"}],"curies":[{"name":"wp","href":"https:\/\/api.w.org\/{rel}","templated":true}]}}