{"id":81101,"date":"2026-01-16T09:35:01","date_gmt":"2026-01-16T06:35:01","guid":{"rendered":"https:\/\/www.egemtv.com\/?p=81101"},"modified":"2026-01-16T09:35:02","modified_gmt":"2026-01-16T06:35:02","slug":"baskan-gencay-calismalari-yakindan-takip-ediyoruz","status":"publish","type":"post","link":"https:\/\/www.egemtv.com\/?p=81101","title":{"rendered":"Ba\u015fkan Gen\u00e7ay: &#8220;\u00c7al\u0131\u015fmalar\u0131 yak\u0131ndan takip ediyoruz&#8221;"},"content":{"rendered":"<p>Didim\u2019de y\u00fcr\u00fct\u00fclen do\u011falgaz altyap\u0131 \u00e7al\u0131\u015fmalar\u0131 t\u00fcm h\u0131z\u0131yla s\u00fcrerken, Didim Belediye Ba\u015fkan\u0131 Hatice Gen\u00e7ay s\u00fcrece ili\u015fkin yetkililerle bir araya gelerek kapsaml\u0131 de\u011ferlendirmelerde bulundu.<\/p>\n<p>\u0130l\u00e7ede do\u011falgaz eri\u015fiminin sa\u011flanmas\u0131na y\u00f6nelik \u00e7al\u0131\u015fmalar kamuoyunda yak\u0131ndan takip edilirken, halktan gelen soru ve payla\u015f\u0131mlar do\u011frultusunda Ba\u015fkan Hatice Gen\u00e7ay, y\u00fcklenici firma yetkilisi ile g\u00f6r\u00fc\u015fme ger\u00e7ekle\u015ftirdi.<\/p>\n<p>Ger\u00e7ekle\u015ftirilen g\u00f6r\u00fc\u015fmede, do\u011falgaz hatt\u0131 \u00e7al\u0131\u015fmalar\u0131n\u0131n mevcut durumu, teknik ayr\u0131nt\u0131lar ve s\u00fcre\u00e7te kar\u015f\u0131la\u015f\u0131lan hususlar ele al\u0131nd\u0131. Ba\u015fkan Hatice Gen\u00e7ay, Didim\u2019e toplam 48.3 kilometre uzunlu\u011funda, 40 santimetre \u00e7ap\u0131nda do\u011falgaz ana hatt\u0131 ile eri\u015fim sa\u011flanmas\u0131n\u0131n hedeflendi\u011fini belirtti.<\/p>\n<p>Do\u011falgaz \u00e7al\u0131\u015fmalar\u0131 kapsam\u0131nda, hatt\u0131n ge\u00e7ti\u011fi g\u00fczergahlarda bulunan \u015fah\u0131slara ait a\u011fa\u00e7lar i\u00e7in Didim \u0130l\u00e7e Tar\u0131m M\u00fcd\u00fcrl\u00fc\u011f\u00fc taraf\u0131ndan bedel tespiti yap\u0131ld\u0131\u011f\u0131 ifade edildi. Belirlenen bedellere itiraz edilmesi durumunda halk\u0131n y\u00fcklenici firmaya resmi ba\u015fvuruda bulunabilece\u011fi aktar\u0131ld\u0131. Ayr\u0131ca hat g\u00fczergahlar\u0131nda tar\u0131msal faaliyetlerin s\u00fcrd\u00fcr\u00fclebilece\u011fi, ancak g\u00fcvenlik gerek\u00e7esiyle bu alanlarda a\u011fa\u00e7 dikimine ve yap\u0131la\u015fmaya izin verilmeyece\u011fi aktar\u0131ld\u0131.<\/p>\n<p>Ba\u015fkan Gen\u00e7ay: &#8220;S\u00fcreci yak\u0131ndan takip ediyoruz&#8221;<br \/>\n<br \/>S\u00fcrecin planl\u0131 ve sa\u011fl\u0131kl\u0131 bir \u015fekilde ilerledi\u011fini belirten Didim Belediye Ba\u015fkan\u0131 Hatice Gen\u00e7ay, do\u011falgaz \u00e7al\u0131\u015fmalar\u0131n\u0131 yak\u0131ndan takip ettiklerini ifade ederek \u015fu a\u00e7\u0131klamada bulundu:<br \/>\n<br \/>&#8220;Didim\u2019e do\u011falgaz\u0131n kazand\u0131r\u0131lmas\u0131, il\u00e7emiz ad\u0131na \u00f6nemli bir yat\u0131r\u0131md\u0131r. Projeyi yak\u0131ndan takip ediyor ve destekliyoruz. Halk\u0131m\u0131zdan gelen sorular\u0131n yan\u0131tlanmas\u0131 ve s\u00fcrece ili\u015fkin olu\u015fan soru i\u015faretlerinin giderilmesi amac\u0131yla bu g\u00f6r\u00fc\u015fmeyi ger\u00e7ekle\u015ftirdik. Amac\u0131m\u0131z, hizmetlerin h\u0131zl\u0131, g\u00fcvenli ve sa\u011fl\u0131kl\u0131 bir \u015fekilde halk\u0131m\u0131za ula\u015fmas\u0131n\u0131 sa\u011flamakt\u0131r&#8221;<br \/><\/p>\n","protected":false},"excerpt":{"rendered":"<p>Didim\u2019de y\u00fcr\u00fct\u00fclen do\u011falgaz altyap\u0131 \u00e7al\u0131\u015fmalar\u0131 t\u00fcm h\u0131z\u0131yla s\u00fcrerken, Didim Belediye Ba\u015fkan\u0131 Hatice Gen\u00e7ay s\u00fcrece ili\u015fkin yetkililerle bir araya gelerek kapsaml\u0131 de\u011ferlendirmelerde bulundu. \u0130l\u00e7ede do\u011falgaz eri\u015fiminin sa\u011flanmas\u0131na y\u00f6nelik \u00e7al\u0131\u015fmalar kamuoyunda yak\u0131ndan takip edilirken, halktan gelen soru ve payla\u015f\u0131mlar do\u011frultusunda Ba\u015fkan Hatice Gen\u00e7ay, y\u00fcklenici firma yetkilisi ile g\u00f6r\u00fc\u015fme ger\u00e7ekle\u015ftirdi. Ger\u00e7ekle\u015ftirilen g\u00f6r\u00fc\u015fmede, do\u011falgaz hatt\u0131 \u00e7al\u0131\u015fmalar\u0131n\u0131n mevcut durumu, teknik&#8230;<\/p>\n","protected":false},"author":1,"featured_media":81102,"comment_status":"open","ping_status":"open","sticky":false,"template":"","format":"standard","meta":{"_crdt_document":"","footnotes":""},"categories":[1],"tags":[],"class_list":["post-81101","post","type-post","status-publish","format-standard","has-post-thumbnail","hentry","category-guncel"],"_links":{"self":[{"href":"https:\/\/www.egemtv.com\/index.php?rest_route=\/wp\/v2\/posts\/81101","targetHints":{"allow":["GET"]}}],"collection":[{"href":"https:\/\/www.egemtv.com\/index.php?rest_route=\/wp\/v2\/posts"}],"about":[{"href":"https:\/\/www.egemtv.com\/index.php?rest_route=\/wp\/v2\/types\/post"}],"author":[{"embeddable":true,"href":"https:\/\/www.egemtv.com\/index.php?rest_route=\/wp\/v2\/users\/1"}],"replies":[{"embeddable":true,"href":"https:\/\/www.egemtv.com\/index.php?rest_route=%2Fwp%2Fv2%2Fcomments&post=81101"}],"version-history":[{"count":1,"href":"https:\/\/www.egemtv.com\/index.php?rest_route=\/wp\/v2\/posts\/81101\/revisions"}],"predecessor-version":[{"id":81103,"href":"https:\/\/www.egemtv.com\/index.php?rest_route=\/wp\/v2\/posts\/81101\/revisions\/81103"}],"wp:featuredmedia":[{"embeddable":true,"href":"https:\/\/www.egemtv.com\/index.php?rest_route=\/wp\/v2\/media\/81102"}],"wp:attachment":[{"href":"https:\/\/www.egemtv.com\/index.php?rest_route=%2Fwp%2Fv2%2Fmedia&parent=81101"}],"wp:term":[{"taxonomy":"category","embeddable":true,"href":"https:\/\/www.egemtv.com\/index.php?rest_route=%2Fwp%2Fv2%2Fcategories&post=81101"},{"taxonomy":"post_tag","embeddable":true,"href":"https:\/\/www.egemtv.com\/index.php?rest_route=%2Fwp%2Fv2%2Ftags&post=81101"}],"curies":[{"name":"wp","href":"https:\/\/api.w.org\/{rel}","templated":true}]}}