{"id":81098,"date":"2026-01-16T09:14:48","date_gmt":"2026-01-16T06:14:48","guid":{"rendered":"https:\/\/www.egemtv.com\/?p=81098"},"modified":"2026-01-16T09:14:49","modified_gmt":"2026-01-16T06:14:49","slug":"aydinda-2025-yilinda-30-yatirimci-hibe-almaya-hak-kazandi","status":"publish","type":"post","link":"https:\/\/www.egemtv.com\/?p=81098","title":{"rendered":"Ayd\u0131n\u2019da 2025 y\u0131l\u0131nda 30 yat\u0131r\u0131mc\u0131 hibe almaya hak kazand\u0131"},"content":{"rendered":"<p>Ayd\u0131n \u0130l Tar\u0131m ve Orman M\u00fcd\u00fcrl\u00fc\u011f\u00fc taraf\u0131ndan y\u00fcr\u00fct\u00fclen \u00e7al\u0131\u015fmalarda 30 yat\u0131r\u0131mc\u0131 hibe almaya hak kazand\u0131.<\/p>\n<p>Ayd\u0131n \u0130l Tar\u0131m ve Orman M\u00fcd\u00fcrl\u00fc\u011f\u00fc k\u0131rsal kalk\u0131nma ve \u00f6rg\u00fctlenme faaliyetleri kapsam\u0131nda 2025 y\u0131l\u0131nda \u00e7al\u0131\u015fmalar\u0131n\u0131 s\u00fcrd\u00fcrd\u00fc. Y\u00fcr\u00fct\u00fclen \u00e7al\u0131\u015fmalarla ilgili olarak m\u00fcd\u00fcrl\u00fckten yap\u0131lan a\u00e7\u0131klamada, &#8220;K\u0131rsalda \u00fcretimi g\u00fc\u00e7lendirmeye devam ediyoruz. 2025 y\u0131l\u0131 boyunca K\u0131rsal Kalk\u0131nma ve \u00d6rg\u00fctlenme \u015eube M\u00fcd\u00fcrl\u00fc\u011f\u00fcm\u00fczce y\u00fcr\u00fct\u00fclen \u00e7al\u0131\u015fmalarla \u00fcreticilerimize \u00f6nemli destekler sa\u011fland\u0131. K\u0131rsal Kalk\u0131nma Yat\u0131r\u0131mlar\u0131nda proje ba\u015fvurular\u0131 aras\u0131ndan 30 yat\u0131r\u0131mc\u0131 hibe almaya hak kazand\u0131. 20 yat\u0131r\u0131mc\u0131ya 53 milyon 171 bin 368 TL hibe \u00f6demesi yap\u0131lm\u0131\u015f olup, devam eden projeler tamamland\u0131k\u00e7a \u00f6demeler s\u00fcrecektir. Bireysel Sulama Sistemleri Kapsam\u0131nda 20 yat\u0131r\u0131mc\u0131 desteklenmi\u015f olup toplamda 2 milyon 725 bin 804 TL hibe \u00f6demesi ger\u00e7ekle\u015ftirildi. 704 dekar tar\u0131m arazisi bas\u0131n\u00e7l\u0131 sulama sistemine kavu\u015ftu. K\u0131rsalda s\u00fcrd\u00fcr\u00fclebilir \u00fcretim, g\u00fc\u00e7l\u00fc yat\u0131r\u0131m ve verimli tar\u0131m i\u00e7in 2026 y\u0131l\u0131nda da \u00e7al\u0131\u015fmalar\u0131m\u0131z kararl\u0131l\u0131kla devam edecek&#8221; denildi.<br \/><\/p>\n","protected":false},"excerpt":{"rendered":"<p>Ayd\u0131n \u0130l Tar\u0131m ve Orman M\u00fcd\u00fcrl\u00fc\u011f\u00fc taraf\u0131ndan y\u00fcr\u00fct\u00fclen \u00e7al\u0131\u015fmalarda 30 yat\u0131r\u0131mc\u0131 hibe almaya hak kazand\u0131. Ayd\u0131n \u0130l Tar\u0131m ve Orman M\u00fcd\u00fcrl\u00fc\u011f\u00fc k\u0131rsal kalk\u0131nma ve \u00f6rg\u00fctlenme faaliyetleri kapsam\u0131nda 2025 y\u0131l\u0131nda \u00e7al\u0131\u015fmalar\u0131n\u0131 s\u00fcrd\u00fcrd\u00fc. Y\u00fcr\u00fct\u00fclen \u00e7al\u0131\u015fmalarla ilgili olarak m\u00fcd\u00fcrl\u00fckten yap\u0131lan a\u00e7\u0131klamada, &#8220;K\u0131rsalda \u00fcretimi g\u00fc\u00e7lendirmeye devam ediyoruz. 2025 y\u0131l\u0131 boyunca K\u0131rsal Kalk\u0131nma ve \u00d6rg\u00fctlenme \u015eube M\u00fcd\u00fcrl\u00fc\u011f\u00fcm\u00fczce y\u00fcr\u00fct\u00fclen \u00e7al\u0131\u015fmalarla \u00fcreticilerimize&#8230;<\/p>\n","protected":false},"author":1,"featured_media":81099,"comment_status":"open","ping_status":"open","sticky":false,"template":"","format":"standard","meta":{"_crdt_document":"","footnotes":""},"categories":[1],"tags":[],"class_list":["post-81098","post","type-post","status-publish","format-standard","has-post-thumbnail","hentry","category-guncel"],"_links":{"self":[{"href":"https:\/\/www.egemtv.com\/index.php?rest_route=\/wp\/v2\/posts\/81098","targetHints":{"allow":["GET"]}}],"collection":[{"href":"https:\/\/www.egemtv.com\/index.php?rest_route=\/wp\/v2\/posts"}],"about":[{"href":"https:\/\/www.egemtv.com\/index.php?rest_route=\/wp\/v2\/types\/post"}],"author":[{"embeddable":true,"href":"https:\/\/www.egemtv.com\/index.php?rest_route=\/wp\/v2\/users\/1"}],"replies":[{"embeddable":true,"href":"https:\/\/www.egemtv.com\/index.php?rest_route=%2Fwp%2Fv2%2Fcomments&post=81098"}],"version-history":[{"count":1,"href":"https:\/\/www.egemtv.com\/index.php?rest_route=\/wp\/v2\/posts\/81098\/revisions"}],"predecessor-version":[{"id":81100,"href":"https:\/\/www.egemtv.com\/index.php?rest_route=\/wp\/v2\/posts\/81098\/revisions\/81100"}],"wp:featuredmedia":[{"embeddable":true,"href":"https:\/\/www.egemtv.com\/index.php?rest_route=\/wp\/v2\/media\/81099"}],"wp:attachment":[{"href":"https:\/\/www.egemtv.com\/index.php?rest_route=%2Fwp%2Fv2%2Fmedia&parent=81098"}],"wp:term":[{"taxonomy":"category","embeddable":true,"href":"https:\/\/www.egemtv.com\/index.php?rest_route=%2Fwp%2Fv2%2Fcategories&post=81098"},{"taxonomy":"post_tag","embeddable":true,"href":"https:\/\/www.egemtv.com\/index.php?rest_route=%2Fwp%2Fv2%2Ftags&post=81098"}],"curies":[{"name":"wp","href":"https:\/\/api.w.org\/{rel}","templated":true}]}}