{"id":81095,"date":"2026-01-15T23:34:33","date_gmt":"2026-01-15T20:34:33","guid":{"rendered":"https:\/\/www.egemtv.com\/?p=81095"},"modified":"2026-01-15T23:34:33","modified_gmt":"2026-01-15T20:34:33","slug":"koycegizde-mirac-kandili-coskuyla-idrak-edildi","status":"publish","type":"post","link":"https:\/\/www.egemtv.com\/?p=81095","title":{"rendered":"K\u00f6yce\u011fiz\u2019de Mirac Kandili co\u015fkuyla idrak edildi"},"content":{"rendered":"<p>Mu\u011fla\u2019n\u0131n K\u00f6yce\u011fiz il\u00e7esinde Kadir gecesinden sonra en kutsal gece olan Mirac Kandili camilerde yap\u0131lan \u00f6zel kandil programlar\u0131yla ihya edildi.<\/p>\n<p>K\u00f6yce\u011fiz \u0130l\u00e7e M\u00fcft\u00fcs\u00fc Ahmet Karag\u00f6z Merkez Hac\u0131bey Camiindeki, Vaiz Rauf Evleksiz Toparlar Merkez Camiindeki, Din Hizmetleri Uzman\u0131 \u0130brahim B\u00f6l\u00fckba\u015f\u0131 da D\u00f6\u011f\u00fc\u015fbelen Merkez Camiindeki programlarda sohbet edip dua yapt\u0131lar. K\u00f6yce\u011fiz M\u00fcft\u00fcl\u00fc\u011f\u00fc b\u00fcnyesinde g\u00f6rev yapan din g\u00f6revlileri taraf\u0131ndan il\u00e7edeki t\u00fcm camilerde d\u00fczenlenen programlarla Mira\u00e7 Kandili co\u015fkuyla idrak edildi. Kad\u0131n, erkek, gen\u00e7 ve ya\u015fl\u0131 her ya\u015ftan vatanda\u015f\u0131n yo\u011fun ilgi g\u00f6sterdi\u011fi kandil programlar\u0131nda, \u0130mam-Hatip Lisesi \u00f6\u011frencilerinin ilahileri Toparlar Camiinde ayr\u0131 bir manevi atmosfer ya\u015fatt\u0131. \u0130l\u00e7e M\u00fcft\u00fcs\u00fc Ahmet Karag\u00f6z Merkez Hac\u0131bey Camii\u2019nde ger\u00e7ekle\u015ftirilen kandil program\u0131na kat\u0131larak okunan Mevlid-i \u015eerif\u2019in ard\u0131ndan vaaz edip, dua yaparak yats\u0131 namaz\u0131n\u0131 k\u0131ld\u0131rd\u0131. Kandil program\u0131 sonunda M\u00fcft\u00fc Karag\u00f6z Din g\u00f6revlileriyle birlikte vatanda\u015flar\u0131m\u0131zla tek tek musafaha edip Kandillerini tebrik etti.<br \/><\/p>\n","protected":false},"excerpt":{"rendered":"<p>Mu\u011fla\u2019n\u0131n K\u00f6yce\u011fiz il\u00e7esinde Kadir gecesinden sonra en kutsal gece olan Mirac Kandili camilerde yap\u0131lan \u00f6zel kandil programlar\u0131yla ihya edildi. K\u00f6yce\u011fiz \u0130l\u00e7e M\u00fcft\u00fcs\u00fc Ahmet Karag\u00f6z Merkez Hac\u0131bey Camiindeki, Vaiz Rauf Evleksiz Toparlar Merkez Camiindeki, Din Hizmetleri Uzman\u0131 \u0130brahim B\u00f6l\u00fckba\u015f\u0131 da D\u00f6\u011f\u00fc\u015fbelen Merkez Camiindeki programlarda sohbet edip dua yapt\u0131lar. K\u00f6yce\u011fiz M\u00fcft\u00fcl\u00fc\u011f\u00fc b\u00fcnyesinde g\u00f6rev yapan din g\u00f6revlileri taraf\u0131ndan&#8230;<\/p>\n","protected":false},"author":1,"featured_media":81096,"comment_status":"open","ping_status":"open","sticky":false,"template":"","format":"standard","meta":{"_crdt_document":"","footnotes":""},"categories":[1],"tags":[],"class_list":["post-81095","post","type-post","status-publish","format-standard","has-post-thumbnail","hentry","category-guncel"],"_links":{"self":[{"href":"https:\/\/www.egemtv.com\/index.php?rest_route=\/wp\/v2\/posts\/81095","targetHints":{"allow":["GET"]}}],"collection":[{"href":"https:\/\/www.egemtv.com\/index.php?rest_route=\/wp\/v2\/posts"}],"about":[{"href":"https:\/\/www.egemtv.com\/index.php?rest_route=\/wp\/v2\/types\/post"}],"author":[{"embeddable":true,"href":"https:\/\/www.egemtv.com\/index.php?rest_route=\/wp\/v2\/users\/1"}],"replies":[{"embeddable":true,"href":"https:\/\/www.egemtv.com\/index.php?rest_route=%2Fwp%2Fv2%2Fcomments&post=81095"}],"version-history":[{"count":1,"href":"https:\/\/www.egemtv.com\/index.php?rest_route=\/wp\/v2\/posts\/81095\/revisions"}],"predecessor-version":[{"id":81097,"href":"https:\/\/www.egemtv.com\/index.php?rest_route=\/wp\/v2\/posts\/81095\/revisions\/81097"}],"wp:featuredmedia":[{"embeddable":true,"href":"https:\/\/www.egemtv.com\/index.php?rest_route=\/wp\/v2\/media\/81096"}],"wp:attachment":[{"href":"https:\/\/www.egemtv.com\/index.php?rest_route=%2Fwp%2Fv2%2Fmedia&parent=81095"}],"wp:term":[{"taxonomy":"category","embeddable":true,"href":"https:\/\/www.egemtv.com\/index.php?rest_route=%2Fwp%2Fv2%2Fcategories&post=81095"},{"taxonomy":"post_tag","embeddable":true,"href":"https:\/\/www.egemtv.com\/index.php?rest_route=%2Fwp%2Fv2%2Ftags&post=81095"}],"curies":[{"name":"wp","href":"https:\/\/api.w.org\/{rel}","templated":true}]}}