{"id":81059,"date":"2026-01-15T21:55:41","date_gmt":"2026-01-15T18:55:41","guid":{"rendered":"https:\/\/www.egemtv.com\/?p=81059"},"modified":"2026-01-15T21:55:42","modified_gmt":"2026-01-15T18:55:42","slug":"aydinda-jandarmadan-tarihi-eser-kacakciligi-operasyonu","status":"publish","type":"post","link":"https:\/\/www.egemtv.com\/?p=81059","title":{"rendered":"Ayd\u0131n\u2019da Jandarmadan tarihi eser ka\u00e7ak\u00e7\u0131l\u0131\u011f\u0131 operasyonu"},"content":{"rendered":"<p>Ayd\u0131n\u2019da jandarma taraf\u0131ndan iki il\u00e7ede yap\u0131lan operasyonda tarihi eserler ele ge\u00e7irildi.<\/p>\n<p>Ayd\u0131n \u0130l Jandarma Komutanl\u0131\u011f\u0131 taraf\u0131ndan, tarihi eser ka\u00e7ak\u00e7\u0131l\u0131\u011f\u0131yla m\u00fccadele kapsam\u0131nda 14 Ocak 2026 tarihinde il genelinde S\u00f6ke ve Germencik il\u00e7elerini kapsayan operasyon icra edildi. Ayd\u0131n \u0130l Jandarma Komutanl\u0131\u011f\u0131 KOM \u015eube M\u00fcd\u00fcrl\u00fc\u011f\u00fc koordinesinde; S\u00f6ke ve Germencik \u0130l\u00e7e Jandarma Komutanl\u0131\u011f\u0131 ekiplerince &#8220;Anadolu Miras\u0131 Operasyonlar\u0131&#8221; kapsam\u0131nda planl\u0131 ve e\u015f zamanl\u0131 faaliyetler ger\u00e7ekle\u015ftirildi.<\/p>\n<p>S\u00f6ke il\u00e7esi Cumhuriyet Mahallesi\u2019nde bir \u015f\u00fcpheliye ait adreste yap\u0131lan aramada; Roma ve Bizans d\u00f6nemlerine ait heykeller, heykel ba\u015flar\u0131, kandiller, m\u00fch\u00fcrler ve sikkeler ile Neolitik d\u00f6neme ait oldu\u011fu de\u011ferlendirilen sikkeler ele ge\u00e7irildi. Ele ge\u00e7irilen tarihi eserlerin, Didyma Antik Kenti, Priene Athena Antik Kenti ve \u00e7evresindeki \u00f6ren yerlerinden yasa d\u0131\u015f\u0131 kaz\u0131larla \u00e7\u0131kar\u0131ld\u0131\u011f\u0131 de\u011ferlendirildi. Olayla ilgili H.\u0130.Y. (43) isimli \u015f\u00fcpheli yakalanarak adli makamlara sevk edildi.<\/p>\n<p>Germencik il\u00e7esinde icra edilen faaliyette ise R.D. (33) isimli \u015fahs\u0131n arac\u0131nda yap\u0131lan kontrolde, \u015feffaf plastik kutu i\u00e7erisinde (9) adet tarihi eser niteli\u011finde sikke ele ge\u00e7irildi. Yakalanan \u015fah\u0131s hakk\u0131nda adli i\u015flem yap\u0131ld\u0131.<br \/><\/p>\n","protected":false},"excerpt":{"rendered":"<p>Ayd\u0131n\u2019da jandarma taraf\u0131ndan iki il\u00e7ede yap\u0131lan operasyonda tarihi eserler ele ge\u00e7irildi. Ayd\u0131n \u0130l Jandarma Komutanl\u0131\u011f\u0131 taraf\u0131ndan, tarihi eser ka\u00e7ak\u00e7\u0131l\u0131\u011f\u0131yla m\u00fccadele kapsam\u0131nda 14 Ocak 2026 tarihinde il genelinde S\u00f6ke ve Germencik il\u00e7elerini kapsayan operasyon icra edildi. Ayd\u0131n \u0130l Jandarma Komutanl\u0131\u011f\u0131 KOM \u015eube M\u00fcd\u00fcrl\u00fc\u011f\u00fc koordinesinde; S\u00f6ke ve Germencik \u0130l\u00e7e Jandarma Komutanl\u0131\u011f\u0131 ekiplerince &#8220;Anadolu Miras\u0131 Operasyonlar\u0131&#8221; kapsam\u0131nda planl\u0131&#8230;<\/p>\n","protected":false},"author":1,"featured_media":81060,"comment_status":"open","ping_status":"open","sticky":false,"template":"","format":"standard","meta":{"_crdt_document":"","footnotes":""},"categories":[5],"tags":[],"class_list":["post-81059","post","type-post","status-publish","format-standard","has-post-thumbnail","hentry","category-asayis"],"_links":{"self":[{"href":"https:\/\/www.egemtv.com\/index.php?rest_route=\/wp\/v2\/posts\/81059","targetHints":{"allow":["GET"]}}],"collection":[{"href":"https:\/\/www.egemtv.com\/index.php?rest_route=\/wp\/v2\/posts"}],"about":[{"href":"https:\/\/www.egemtv.com\/index.php?rest_route=\/wp\/v2\/types\/post"}],"author":[{"embeddable":true,"href":"https:\/\/www.egemtv.com\/index.php?rest_route=\/wp\/v2\/users\/1"}],"replies":[{"embeddable":true,"href":"https:\/\/www.egemtv.com\/index.php?rest_route=%2Fwp%2Fv2%2Fcomments&post=81059"}],"version-history":[{"count":1,"href":"https:\/\/www.egemtv.com\/index.php?rest_route=\/wp\/v2\/posts\/81059\/revisions"}],"predecessor-version":[{"id":81061,"href":"https:\/\/www.egemtv.com\/index.php?rest_route=\/wp\/v2\/posts\/81059\/revisions\/81061"}],"wp:featuredmedia":[{"embeddable":true,"href":"https:\/\/www.egemtv.com\/index.php?rest_route=\/wp\/v2\/media\/81060"}],"wp:attachment":[{"href":"https:\/\/www.egemtv.com\/index.php?rest_route=%2Fwp%2Fv2%2Fmedia&parent=81059"}],"wp:term":[{"taxonomy":"category","embeddable":true,"href":"https:\/\/www.egemtv.com\/index.php?rest_route=%2Fwp%2Fv2%2Fcategories&post=81059"},{"taxonomy":"post_tag","embeddable":true,"href":"https:\/\/www.egemtv.com\/index.php?rest_route=%2Fwp%2Fv2%2Ftags&post=81059"}],"curies":[{"name":"wp","href":"https:\/\/api.w.org\/{rel}","templated":true}]}}